{"id":1276,"global_id":"www.pediatrics.cz?id=1276","global_id_lineage":["www.pediatrics.cz?id=1276"],"author":"4","status":"publish","date":"2020-03-06 13:45:37","date_utc":"2020-03-06 12:45:37","modified":"2020-03-06 13:45:37","modified_utc":"2020-03-06 12:45:37","url":"https:\/\/www.pediatrics.cz\/udalost\/kurz-vcasny-zachyt-poruch-autistickeho-spektra-v-ordinacich-pldd\/","rest_url":"https:\/\/www.pediatrics.cz\/api\/tribe\/events\/v1\/events\/1276","title":"Kurz \u2013 V\u010dasn\u00fd z\u00e1chyt poruch autistick\u00e9ho spektra v&nbsp;ordinac\u00edch PLDD","description":"<p>Zveme V\u00e1s na kurz \u2013 V\u010dasn\u00fd z\u00e1chyt poruch autistick\u00e9ho spektra v ordinac\u00edch PLDD, kter\u00fd je ur\u010den pro praktick\u00e9 l\u00e9ka\u0159e pro d\u011bti a dorost, d\u011btsk\u00e9 a dorostov\u00e9 psychiatry,d\u011btsk\u00e9 l\u00e9ka\u0159e, d\u011btsk\u00e9 neurology, klinick\u00e9 psychology a klinick\u00e9 logopedy.<\/p>\n<p>Datum akce: 11.3. 2020<br \/>\nM\u00edsto kon\u00e1n\u00ed: Praha 4, Bud\u011bjovick\u00e1 15, Hotel ILF<\/p>\n<p><strong> \u010das\u00a0 \u00a0 \u00a0 \u00a0 \u00a0 \u00a0 \u00a0 \u00a0 \u00a0 \u00a0 \u00a0 \u00a0 \u00a0 \u00a0 \u00a0 \u00a0 \u00a0 \u00a0 \u00a0 \u00a0 \u00a0 \u00a0 t\u00e9ma\u00a0 \u00a0 \u00a0 \u00a0 \u00a0 \u00a0 \u00a0 \u00a0 \u00a0 \u00a0 \u00a0 \u00a0 \u00a0 \u00a0 \u00a0 \u00a0 \u00a0 \u00a0 \u00a0 \u00a0 \u00a0 \u00a0 \u00a0 \u00a0 \u00a0 \u00a0 \u00a0 \u00a0 \u00a0 \u00a0 \u00a0 \u00a0 \u00a0p\u0159edn\u00e1\u0161ej\u00edc\u00ed<\/strong><\/p>\n<table border=\"1\" width=\"737\" cellspacing=\"0\" cellpadding=\"0\">\n<tbody>\n<tr>\n<td valign=\"top\" width=\"125\"><b>\u00a08:00 &#8211; 9:00<\/b><\/td>\n<td valign=\"top\" width=\"360\">\u00davod do etiologie a neurobiologie autismu<\/td>\n<td valign=\"top\" width=\"252\">prof. MUDr. Ivo PACLT, CSc.<\/td>\n<\/tr>\n<tr>\n<td valign=\"top\" width=\"125\"><b>\u00a09:00 &#8211; 10:00<\/b><\/td>\n<td valign=\"top\" width=\"360\">V\u010dasn\u00fd z\u00e1chyt v ordinac\u00edch PLDD v praxi<\/td>\n<td valign=\"top\" width=\"252\">MUDr. Alena \u0160EBKOV\u00c1<\/td>\n<\/tr>\n<tr>\n<td valign=\"top\" width=\"125\"><b>10:00 &#8211; 11:30<\/b><\/td>\n<td valign=\"top\" width=\"360\">M-CHAT-R; M-CHAT-R\/FTM<\/td>\n<td valign=\"top\" width=\"252\">doc. MUDr. Libu\u0161e ST\u00c1RKOV\u00c1, CSc.<\/td>\n<\/tr>\n<tr>\n<td valign=\"top\" width=\"125\"><b>11:30 &#8211; 12:30<\/b><\/td>\n<td valign=\"top\" width=\"360\">Terapeutick\u00e9 metody a pedopsychiatrick\u00e1 praxe<\/td>\n<td valign=\"top\" width=\"252\">doc. MUDr. Libu\u0161e ST\u00c1RKOV\u00c1, CSc.<\/td>\n<\/tr>\n<tr>\n<td valign=\"top\" width=\"125\"><b>12:30 &#8211; 13:00<\/b><\/td>\n<td valign=\"top\" width=\"360\">Ob\u011bd<\/td>\n<td valign=\"top\" width=\"252\"><\/td>\n<\/tr>\n<tr>\n<td valign=\"top\" width=\"125\"><b>13:00 &#8211; 14:00<\/b><\/td>\n<td valign=\"top\" width=\"360\">Pr\u00e1ce s rodinou a stimulace dovednost\u00ed zdrav\u00e9ho v\u00fdvoje<\/td>\n<td valign=\"top\" width=\"252\">PhDr. Romana STRAUSSOV\u00c1, Ph.D.<\/td>\n<\/tr>\n<tr>\n<td valign=\"top\" width=\"125\"><b>14:00 &#8211; 16:30<\/b><\/td>\n<td valign=\"top\" width=\"360\">Hodnocen\u00ed projev\u016f u batolat: ADOS-2 zlat\u00fd standard pro ur\u010den\u00ed PAS<\/td>\n<td valign=\"top\" width=\"252\">MUDr. Magdalena RY\u0160\u00c1NKOV\u00c1<\/td>\n<\/tr>\n<\/tbody>\n<\/table>\n<p>&nbsp;<\/p>","excerpt":"","slug":"kurz-vcasny-zachyt-poruch-autistickeho-spektra-v-ordinacich-pldd","image":false,"all_day":true,"start_date":"2020-03-11 00:00:00","start_date_details":{"year":"2020","month":"03","day":"11","hour":"00","minutes":"00","seconds":"00"},"end_date":"2020-03-11 23:59:59","end_date_details":{"year":"2020","month":"03","day":"11","hour":"23","minutes":"59","seconds":"59"},"utc_start_date":"2020-03-10 23:00:00","utc_start_date_details":{"year":"2020","month":"03","day":"10","hour":"23","minutes":"00","seconds":"00"},"utc_end_date":"2020-03-11 22:59:59","utc_end_date_details":{"year":"2020","month":"03","day":"11","hour":"22","minutes":"59","seconds":"59"},"timezone":"Europe\/Prague","timezone_abbr":"CET","cost":"","cost_details":{"currency_symbol":"","currency_position":"suffix","values":[]},"website":"","show_map":true,"show_map_link":true,"hide_from_listings":false,"sticky":false,"featured":false,"categories":[{"name":"Dom\u00e1c\u00ed akce","slug":"domaci-akce","term_group":0,"term_taxonomy_id":26,"taxonomy":"tribe_events_cat","description":"","parent":0,"count":195,"filter":"raw","id":26,"urls":{"self":"https:\/\/www.pediatrics.cz\/api\/tribe\/events\/v1\/categories\/26","collection":"https:\/\/www.pediatrics.cz\/api\/tribe\/events\/v1\/categories"}}],"tags":[],"venue":{"id":1280,"author":"4","status":"publish","date":"2020-03-06 13:45:37","date_utc":"2020-03-06 12:45:37","modified":"2020-03-06 13:45:37","modified_utc":"2020-03-06 12:45:37","url":"https:\/\/www.pediatrics.cz\/misto-konani\/praha-4-budejovicka-15-hotel-ilf-2\/","venue":"Praha 4, Bud\u011bjovick\u00e1 15, Hotel ILF","slug":"praha-4-budejovicka-15-hotel-ilf-2","country":"\u010cesk\u00e1 republika","json_ld":{"@type":"Place","name":"Praha 4, Bud\u011bjovick\u00e1 15, Hotel ILF","description":"","url":"https:\/\/www.pediatrics.cz\/misto-konani\/praha-4-budejovicka-15-hotel-ilf-2\/","address":{"@type":"PostalAddress","addressCountry":"\u010cesk\u00e1 republika"},"telephone":"","sameAs":""},"show_map":true,"show_map_link":true,"global_id":"www.pediatrics.cz?id=1280","global_id_lineage":["www.pediatrics.cz?id=1280"]},"organizer":[],"json_ld":{"@context":"http:\/\/schema.org","@type":"Event","name":"Kurz \u2013 V\u010dasn\u00fd z\u00e1chyt poruch autistick\u00e9ho spektra v&nbsp;ordinac\u00edch PLDD","description":"&lt;p&gt;Zveme V\u00e1s na kurz \u2013 V\u010dasn\u00fd z\u00e1chyt poruch autistick\u00e9ho spektra v ordinac\u00edch PLDD, kter\u00fd je ur\u010den pro praktick\u00e9 [&hellip;]&lt;\/p&gt;\\n","url":"https:\/\/www.pediatrics.cz\/udalost\/kurz-vcasny-zachyt-poruch-autistickeho-spektra-v-ordinacich-pldd\/","startDate":"2020-03-11T00:00:00+01:00","endDate":"2020-03-11T23:59:59+01:00","location":{"@type":"Place","name":"Praha 4, Bud\u011bjovick\u00e1 15, Hotel ILF","description":"","url":"https:\/\/www.pediatrics.cz\/misto-konani\/praha-4-budejovicka-15-hotel-ilf-2\/","address":{"@type":"PostalAddress","addressCountry":"\u010cesk\u00e1 republika"},"telephone":"","sameAs":""},"performer":"Organization"}}