{"id":1791,"date":"2020-12-05T19:49:00","date_gmt":"2020-12-05T18:49:00","guid":{"rendered":"https:\/\/www.pediatrics.cz\/?p=1791"},"modified":"2021-02-15T21:39:25","modified_gmt":"2021-02-15T20:39:25","slug":"pracovni-skupina-pro-deti-s-chronickym-onemocnenim-ve-skolach","status":"publish","type":"post","link":"https:\/\/www.pediatrics.cz\/pracovni-skupina-pro-deti-s-chronickym-onemocnenim-ve-skolach\/","title":{"rendered":"Pracovn\u00ed skupina pro p\u00e9\u010di o&nbsp;chronicky nemocn\u00e9 d\u011bti ve \u0161kol\u00e1ch"},"content":{"rendered":"\n<p class=\"wp-block-paragraph\">V&nbsp;z\u00e1\u0159\u00ed 2020 schv\u00e1lil v\u00fdbor \u010cPS vznik nov\u00e9 Pracovn\u00ed skupiny pro p\u00e9\u010di o chronicky nemocn\u00e9 d\u011bti ve \u0161kol\u00e1ch s c\u00edlem zlep\u0161it postaven\u00ed d\u011bt\u00ed s chronick\u00fdm onemocn\u011bn\u00edm ve \u0161kol\u00e1ch a \u0161kolk\u00e1ch. D\u016fvodem pro ustaven\u00ed t\u00e9to organiza\u010dn\u00ed slo\u017eky jsou st\u00e1le \u010dast\u011bji se vyskytuj\u00edc\u00ed situace, kdy je d\u011btem vy\u017eaduj\u00edc\u00edm ob\u010dasnou asistenci \u010di dohled nad aplikac\u00ed l\u00e9k\u016f ve \u0161kolsk\u00fdch za\u0159\u00edzen\u00edch odm\u00edt\u00e1n p\u0159\u00edstup ke vzd\u011bl\u00e1n\u00ed. P\u0159\u00ed\u010dinou aktu\u00e1ln\u00edho neuspokojiv\u00e9ho stavu je nedostate\u010dn\u00e1 pr\u00e1vn\u00ed \u00faprava, kter\u00e1 by \u0159e\u0161ila pod\u00e1v\u00e1n\u00ed nutn\u00e9 medikace ve \u0161kol\u00e1ch. Jako typick\u00fd p\u0159\u00edklad lze zm\u00ednit d\u00edt\u011b s&nbsp;diabetem 1. typu, probl\u00e9my podobn\u00e9ho r\u00e1zu ale v\u00edd\u00e1me t\u00e9\u017e u d\u011bt\u00ed s&nbsp;epilepsi\u00ed \u010di astmatem.<\/p>\n\n\n\n<p class=\"wp-block-paragraph\">\u010cleny t\u00e9to neform\u00e1ln\u00ed pracovn\u00ed skupiny jsou l\u00e9ka\u0159i, pr\u00e1vn\u00edci, psychologov\u00e9, speci\u00e1ln\u00ed pedagogov\u00e9 a z\u00e1stupci pacientsk\u00fdch organizac\u00ed. Spole\u010dn\u011b bych r\u00e1di vyvinuli tlak zejm\u00e9na na M\u0160MT a spole\u010dn\u011b hledali optim\u00e1ln\u00ed \u0159e\u0161en\u00ed ve prosp\u011bch d\u011bt\u00ed s&nbsp;chronick\u00fdm onemocn\u011bn\u00edm. Vzhledem k tomu, \u017ee se nejedn\u00e1 o sekci, ale o pracovn\u00ed skupinu, nen\u00ed pro z\u00edsk\u00e1n\u00ed \u010dlenstv\u00ed nutn\u00e9 b\u00fdt \u010dlenem \u010cPS. <\/p>\n\n\n\n<p class=\"wp-block-paragraph\">V p\u0159\u00edpad\u011b z\u00e1jmu o \u010dlenstv\u00ed lze kontaktovat vedouc\u00edho t\u00e9to <a href=\"https:\/\/www.pediatrics.cz\/sekce-a-pracovni-skupiny\/pece-o-chronicky-nemocne-deti-pracovni-skupina\/\">pracovn\u00ed skupiny<\/a> prof. \u0160umn\u00edka. (Kontakt: <a href=\"mailto:zdenek.sumnik@lfmotol.cuni.cz\">zdenek.sumnik@lfmotol.cuni.cz<\/a>).<\/p>\n\n\n\n<p class=\"wp-block-paragraph\">Pracovn\u00ed skupina pro p\u00e9\u010di o chronicky nemocn\u00e9 d\u011bti ve \u0161kol\u00e1ch vytvo\u0159ila z\u00e1kladn\u00ed informace o problematice za\u010dle\u0148ov\u00e1n\u00ed chronicky nemocn\u00fdch d\u011bt\u00ed do \u0161kol a \u0161kolek ur\u010den\u00e9 \u0159editel\u016fm t\u011bchto instituc\u00ed a vzor smlouvy mezi \u0161kolou a rodi\u010di d\u011bt\u00ed vy\u017eaduj\u00edc\u00ed zvl\u00e1\u0161tn\u00ed p\u00e9\u010di z d\u016fvodu chronick\u00e9ho onemocn\u011bn\u00ed. <\/p>\n\n\n\n<p class=\"wp-block-paragraph\"><strong>Pot\u0159ebn\u00e9 dokumenty<\/strong><br><a href=\"https:\/\/www.pediatrics.cz\/content\/uploads\/2021\/02\/diabetes_1_typu_informace-pro-s%CC%8Ckolu.pdf\">Diabetes 1. typu \u2013 Informace pro \u0161kolu<\/a> <br><a href=\"https:\/\/www.pediatrics.cz\/content\/uploads\/2021\/02\/pruvodni-dopis-ke-smlouve.pdf\">Pr\u016fvodn\u00ed dopis ke smlouv\u011b<\/a> <br><a href=\"https:\/\/www.pediatrics.cz\/content\/uploads\/2021\/02\/navrh-smlouvy-skola-rodice.pdf\">Smlouva mezi \u0161kolou a rodi\u010di<\/a> <br><a href=\"https:\/\/www.pediatrics.cz\/content\/uploads\/2021\/02\/priloha-c.2-plan-pice-o-dite-ve-skole-vzor-diabetes.pdf\">P\u0159\u00edloha \u010d. 2 \u2013 Pl\u00e1n p\u00e9\u010de o d\u00edt\u011b ve \u0161kole<\/a> <\/p>\n","protected":false},"excerpt":{"rendered":"<p>V&nbsp;z\u00e1\u0159\u00ed 2020 schv\u00e1lil v\u00fdbor \u010cPS vznik nov\u00e9 Pracovn\u00ed skupiny pro p\u00e9\u010di o chronicky nemocn\u00e9 d\u011bti ve \u0161kol\u00e1ch s [&hellip;]<\/p>\n","protected":false},"author":4,"featured_media":1792,"comment_status":"closed","ping_status":"closed","sticky":false,"template":"","format":"standard","meta":{"_acf_changed":false,"kia_subtitle":""},"categories":[1],"tags":[],"class_list":["post-1791","post","type-post","status-publish","has-post-thumbnail","hentry","category-nezarazene"],"acf":[],"lang":"cs","translations":{"cs":1791},"pll_sync_post":[],"_links":{"self":[{"href":"https:\/\/www.pediatrics.cz\/api\/wp\/v2\/posts\/1791","targetHints":{"allow":["GET"]}}],"collection":[{"href":"https:\/\/www.pediatrics.cz\/api\/wp\/v2\/posts"}],"about":[{"href":"https:\/\/www.pediatrics.cz\/api\/wp\/v2\/types\/post"}],"author":[{"embeddable":true,"href":"https:\/\/www.pediatrics.cz\/api\/wp\/v2\/users\/4"}],"replies":[{"embeddable":true,"href":"https:\/\/www.pediatrics.cz\/api\/wp\/v2\/comments?post=1791"}],"version-history":[{"count":0,"href":"https:\/\/www.pediatrics.cz\/api\/wp\/v2\/posts\/1791\/revisions"}],"wp:featuredmedia":[{"embeddable":true,"href":"https:\/\/www.pediatrics.cz\/api\/wp\/v2\/media\/1792"}],"wp:attachment":[{"href":"https:\/\/www.pediatrics.cz\/api\/wp\/v2\/media?parent=1791"}],"wp:term":[{"taxonomy":"category","embeddable":true,"href":"https:\/\/www.pediatrics.cz\/api\/wp\/v2\/categories?post=1791"},{"taxonomy":"post_tag","embeddable":true,"href":"https:\/\/www.pediatrics.cz\/api\/wp\/v2\/tags?post=1791"}],"curies":[{"name":"wp","href":"https:\/\/api.w.org\/{rel}","templated":true}]}}