{"id":2020,"date":"2021-01-28T16:21:39","date_gmt":"2021-01-28T15:21:39","guid":{"rendered":"https:\/\/www.pediatrics.cz\/?p=2020"},"modified":"2021-01-28T16:21:40","modified_gmt":"2021-01-28T15:21:40","slug":"doporuceni-k-uzivani-a-snizovani-miry-zneuzivani-benzodiazepinu-a-dalsich-hypnotik-a-anxiolytik","status":"publish","type":"post","link":"https:\/\/www.pediatrics.cz\/doporuceni-k-uzivani-a-snizovani-miry-zneuzivani-benzodiazepinu-a-dalsich-hypnotik-a-anxiolytik\/","title":{"rendered":"Doporu\u010den\u00ed k&nbsp;u\u017e\u00edv\u00e1n\u00ed a&nbsp;sni\u017eov\u00e1n\u00ed m\u00edry zneu\u017e\u00edv\u00e1n\u00ed benzodiazepin\u016f a&nbsp;dal\u0161\u00edch hypnotik a&nbsp;anxiolytik"},"content":{"rendered":"\n<h2 class=\"block-heading\"><\/h2>\n\n\n\n<p class=\"wp-block-paragraph\">N\u00e1rodn\u00ed monitorovac\u00ed st\u0159edisko pro drogy a z\u00e1vislosti, kter\u00e9 je sou\u010d\u00e1st\u00ed Odboru protidrogov\u00e9 politiky \u00da\u0159adu vl\u00e1dy \u010cR vydalo na konci lo\u0148sk\u00e9ho roku publikaci <strong>Doporu\u010den\u00ed k u\u017e\u00edv\u00e1n\u00ed a sni\u017eov\u00e1n\u00ed m\u00edry zneu\u017e\u00edv\u00e1n\u00ed benzodiazepin\u016f a dal\u0161\u00edch hypnotik a anxiolytik<\/strong>, kter\u00e1 je p\u0159ekladem p\u016fvodn\u00edch britsk\u00fdch doporu\u010den\u00ed. Je ur\u010den\u00e1 l\u00e9ka\u0159\u016fm a dal\u0161\u00edm klinick\u00fdm pracovn\u00edk\u016fm, kte\u0159\u00ed v r\u00e1mci poskytov\u00e1n\u00ed p\u00e9\u010de p\u0159edepisuj\u00ed sedativa a hypnotika a setk\u00e1vaj\u00ed se s problematikou jejich zneu\u017e\u00edv\u00e1n\u00ed a nadu\u017e\u00edv\u00e1n\u00ed.<\/p>\n\n\n\n<p class=\"wp-block-paragraph\">Publikace je dostupn\u00e1 <a href=\"https:\/\/www.drogy-info.cz\/publikace\/navykove-latky\/metodika\/doporuceni-k-uzivani-a-snizovani-miry-zneuzivani-benzodiazepinu-a-dalsich-hypnotik-a-anxiolytik\/\">zde<\/a>.<\/p>\n\n\n\n<p class=\"wp-block-paragraph\">Vzhledem k tomu, \u017ee v \u010cR se odhaduje a\u017e 900 tis. osob nadu\u017e\u00edvaj\u00edc\u00edch sedativa a hypnotika, je tento fenom\u00e9n za\u0159azen mezi aktu\u00e1ln\u00ed priority politiky v oblasti z\u00e1vislost\u00ed v \u010cR.<\/p>\n\n\n\n<p class=\"wp-block-paragraph\">V listopadu 2020 byla po\u0159\u00e1d\u00e1na <strong>N\u00e1rodn\u00ed konference &#8222;Psychoaktivn\u00ed l\u00e9ky 2020&#8220;<\/strong>.<br>Prezentace z konference jsou dostupn\u00e9 <a href=\"http:\/\/www.vlada.cz\/cz\/ppov\/protidrogova-politika\/koordinace\/prezentace-k-vystoupenim-prednasejicich-na-on-line-konferenci-psychoaktivni-leky-2020-184398\/\">zde<\/a>.<\/p>\n","protected":false},"excerpt":{"rendered":"<p>N\u00e1rodn\u00ed monitorovac\u00ed st\u0159edisko pro drogy a z\u00e1vislosti, kter\u00e9 je sou\u010d\u00e1st\u00ed Odboru protidrogov\u00e9 politiky \u00da\u0159adu vl\u00e1dy \u010cR vydalo na [&hellip;]<\/p>\n","protected":false},"author":4,"featured_media":2021,"comment_status":"closed","ping_status":"closed","sticky":false,"template":"","format":"standard","meta":{"_acf_changed":false,"kia_subtitle":""},"categories":[1],"tags":[],"class_list":["post-2020","post","type-post","status-publish","has-post-thumbnail","hentry","category-nezarazene"],"acf":[],"lang":"cs","translations":{"cs":2020},"pll_sync_post":[],"_links":{"self":[{"href":"https:\/\/www.pediatrics.cz\/api\/wp\/v2\/posts\/2020","targetHints":{"allow":["GET"]}}],"collection":[{"href":"https:\/\/www.pediatrics.cz\/api\/wp\/v2\/posts"}],"about":[{"href":"https:\/\/www.pediatrics.cz\/api\/wp\/v2\/types\/post"}],"author":[{"embeddable":true,"href":"https:\/\/www.pediatrics.cz\/api\/wp\/v2\/users\/4"}],"replies":[{"embeddable":true,"href":"https:\/\/www.pediatrics.cz\/api\/wp\/v2\/comments?post=2020"}],"version-history":[{"count":0,"href":"https:\/\/www.pediatrics.cz\/api\/wp\/v2\/posts\/2020\/revisions"}],"wp:featuredmedia":[{"embeddable":true,"href":"https:\/\/www.pediatrics.cz\/api\/wp\/v2\/media\/2021"}],"wp:attachment":[{"href":"https:\/\/www.pediatrics.cz\/api\/wp\/v2\/media?parent=2020"}],"wp:term":[{"taxonomy":"category","embeddable":true,"href":"https:\/\/www.pediatrics.cz\/api\/wp\/v2\/categories?post=2020"},{"taxonomy":"post_tag","embeddable":true,"href":"https:\/\/www.pediatrics.cz\/api\/wp\/v2\/tags?post=2020"}],"curies":[{"name":"wp","href":"https:\/\/api.w.org\/{rel}","templated":true}]}}