{"id":2305,"date":"2021-05-07T08:40:21","date_gmt":"2021-05-07T06:40:21","guid":{"rendered":"https:\/\/www.pediatrics.cz\/?p=2305"},"modified":"2021-05-07T08:44:13","modified_gmt":"2021-05-07T06:44:13","slug":"pediatricke-kazuistiky-online-jeste-do-konce-kvetna","status":"publish","type":"post","link":"https:\/\/www.pediatrics.cz\/pediatricke-kazuistiky-online-jeste-do-konce-kvetna\/","title":{"rendered":"Pediatrick\u00e9 kazuistiky online &#8211; je\u0161t\u011b do konce kv\u011btna"},"content":{"rendered":"\n<p class=\"wp-block-paragraph\">Pro velk\u00fd z\u00e1jem pokra\u010duje cyklus streamovan\u00fdch semin\u00e1\u0159\u016f &#8222;Pediatrick\u00e9 kazuistiky online&#8220; a\u017e do konce kv\u011btna. Ka\u017ed\u00fd \u010dtvrtek od 14 do 15 hodin se m\u016f\u017eeme sezn\u00e1mit se t\u0159emi kazuistikami ze t\u0159\u00ed pediatrick\u00fdch pracovi\u0161\u0165.<\/p>\n\n\n\n<p class=\"wp-block-paragraph\">B\u011bhem v\u00edce ne\u017e \u010dty\u0159 m\u011bs\u00edc\u016f trv\u00e1n\u00ed Pediatrick\u00fdch kazuistik online zazn\u00ed v 19 webin\u00e1\u0159\u00edch celkem 57 d\u011btsk\u00fdch p\u0159\u00edb\u011bh\u016f. Ka\u017ed\u00fd z nich je sv\u00fdm zp\u016fsobem pou\u010dn\u00fd. Jsme r\u00e1di, \u017ee pr\u00e1v\u011b covidov\u00e1 \u00e9ra p\u0159inesla mo\u017enost uspo\u0159\u00e1dat tento neobvykl\u00fd vzd\u011bl\u00e1vac\u00ed program. A v\u0161echny kazuistiky jsou nebou budou k dispozici na t\u011bchto webov\u00fdch str\u00e1nk\u00e1ch.<\/p>\n\n\n\n<p class=\"wp-block-paragraph\">Jm\u00e9nem v\u0161ech po\u0159adatel\u016f a p\u0159edn\u00e1\u0161ej\u00edc\u00edch<\/p>\n\n\n\n<p class=\"wp-block-paragraph\"><strong>Jan Lebl a Jan David<\/strong><\/p>\n\n\n\n<p class=\"wp-block-paragraph\"><a href=\"https:\/\/www.pediatrics.cz\/pediatricke-kazuistiky-online\/\" data-type=\"page\" data-id=\"2033\" class=\"btn\">P\u0159ej\u00edt na str\u00e1nku s webin\u00e1\u0159i<\/a><\/p>\n","protected":false},"excerpt":{"rendered":"<p>Pro velk\u00fd z\u00e1jem pokra\u010duje cyklus streamovan\u00fdch semin\u00e1\u0159\u016f &#8222;Pediatrick\u00e9 kazuistiky online&#8220; a\u017e do konce kv\u011btna. Ka\u017ed\u00fd \u010dtvrtek od 14 [&hellip;]<\/p>\n","protected":false},"author":2,"featured_media":2307,"comment_status":"closed","ping_status":"closed","sticky":false,"template":"","format":"standard","meta":{"_acf_changed":false,"kia_subtitle":""},"categories":[1],"tags":[],"class_list":["post-2305","post","type-post","status-publish","has-post-thumbnail","hentry","category-nezarazene"],"acf":[],"lang":"cs","translations":{"cs":2305},"pll_sync_post":[],"_links":{"self":[{"href":"https:\/\/www.pediatrics.cz\/api\/wp\/v2\/posts\/2305","targetHints":{"allow":["GET"]}}],"collection":[{"href":"https:\/\/www.pediatrics.cz\/api\/wp\/v2\/posts"}],"about":[{"href":"https:\/\/www.pediatrics.cz\/api\/wp\/v2\/types\/post"}],"author":[{"embeddable":true,"href":"https:\/\/www.pediatrics.cz\/api\/wp\/v2\/users\/2"}],"replies":[{"embeddable":true,"href":"https:\/\/www.pediatrics.cz\/api\/wp\/v2\/comments?post=2305"}],"version-history":[{"count":0,"href":"https:\/\/www.pediatrics.cz\/api\/wp\/v2\/posts\/2305\/revisions"}],"wp:featuredmedia":[{"embeddable":true,"href":"https:\/\/www.pediatrics.cz\/api\/wp\/v2\/media\/2307"}],"wp:attachment":[{"href":"https:\/\/www.pediatrics.cz\/api\/wp\/v2\/media?parent=2305"}],"wp:term":[{"taxonomy":"category","embeddable":true,"href":"https:\/\/www.pediatrics.cz\/api\/wp\/v2\/categories?post=2305"},{"taxonomy":"post_tag","embeddable":true,"href":"https:\/\/www.pediatrics.cz\/api\/wp\/v2\/tags?post=2305"}],"curies":[{"name":"wp","href":"https:\/\/api.w.org\/{rel}","templated":true}]}}