{"id":2343,"date":"2021-05-15T09:40:33","date_gmt":"2021-05-15T07:40:33","guid":{"rendered":"https:\/\/www.pediatrics.cz\/?p=2343"},"modified":"2021-05-21T18:08:05","modified_gmt":"2021-05-21T16:08:05","slug":"informace-o-pritomnosti-rodicu-pri-poskytovani-zdravotni-pece-detem","status":"publish","type":"post","link":"https:\/\/www.pediatrics.cz\/informace-o-pritomnosti-rodicu-pri-poskytovani-zdravotni-pece-detem\/","title":{"rendered":"Informace o&nbsp;p\u0159\u00edtomnosti rodi\u010d\u016f p\u0159i poskytov\u00e1n\u00ed zdravotn\u00ed p\u00e9\u010de d\u011btem"},"content":{"rendered":"\n<p class=\"wp-block-paragraph\"><strong>&nbsp;Informace o p\u0159\u00edtomnosti rodi\u010d\u016f \u010di jin\u00e9ho doprovodu d\u00edt\u011bte p\u0159i poskytov\u00e1n\u00ed zdravotn\u00ed p\u00e9\u010de d\u011btem<\/strong><\/p>\n\n\n\n<p class=\"wp-block-paragraph\">Nezletil\u00fd pacient m\u00e1 pr\u00e1vo na p\u0159\u00edtomnost rodi\u010de \u010di jin\u00e9ho doprovodu p\u0159i poskytov\u00e1n\u00ed zdravotn\u00ed p\u00e9\u010de, nenaru\u0161\u00ed-li p\u0159\u00edtomnost t\u011bchto osob poskytnut\u00ed zdravotn\u00edch slu\u017eeb. P\u00e9\u010de na <em>odd\u011blen\u00ed\/klinice<\/em> je organizov\u00e1na tak, aby omezen\u00ed p\u0159\u00edtomnosti doprovodu bylo minim\u00e1ln\u00ed.<\/p>\n\n\n\n<p class=\"wp-block-paragraph\">P\u0159\u00edtomnost rodi\u010de m\u00e1 b\u00fdt oporou pro d\u00edt\u011b. V\u00fdznamn\u00fdm p\u0159edpokladem pro \u00fasp\u011b\u0161nou zdravotn\u00ed p\u00e9\u010di je spolupr\u00e1ce rodi\u010d\u016f a zdravotnick\u00fdch pracovn\u00edk\u016f. Obecn\u011b lze charakterizovat omezen\u00ed p\u0159\u00edtomnosti doprovodu d\u00edt\u011bte n\u00e1sleduj\u00edc\u00edmi d\u016fvody:<\/p>\n\n\n\n<ul class=\"block-list\"><li>Hygienicko \u2013 epidemiologick\u00e9 d\u016fvody, kdy je nezbytn\u00e9 zabezpe\u010den\u00ed aseptick\u00fdch podm\u00ednek nejen pro opera\u010dn\u00ed v\u00fdkony, ale i n\u011bkter\u00e9 ostatn\u00ed v\u00fdkony.<\/li><li>Nutnost zaji\u0161t\u011bn\u00ed pr\u00e1v na ochranu osobnosti jin\u00fdch pacient\u016f.<\/li><\/ul>\n\n\n\n<ol class=\"block-list\"><li><strong>Ambulantn\u00ed p\u00e9\u010de<\/strong> \u2013 v\u011bt\u0161ina ambulantn\u00edch v\u00fdkon\u016f a vy\u0161et\u0159en\u00ed umo\u017e\u0148uje p\u0159\u00edtomnost doprovodu. Ve v\u00fdjime\u010dn\u00fdch p\u0159\u00edpadech budete informov\u00e1ni o d\u016fvodu, kter\u00fd toto neumo\u017e\u0148uje.<\/li><li><strong>L\u016f\u017ekov\u00e9 p\u00e9\u010de<\/strong> \u2013 u d\u011bt\u00ed do 6 let pova\u017eujeme za optim\u00e1ln\u00ed hospitalizaci d\u00edt\u011bte s jedn\u00edm rodi\u010dem \u010di jin\u00fdm doprovodem. U l\u016f\u017ekov\u00e9 p\u00e9\u010de m\u016f\u017ee b\u00fdt p\u0159\u00edtomnost rodi\u010de omezena z epidemiologick\u00fdch d\u016fvod\u016f u v\u00fdkon\u016f, kter\u00e9 vy\u017eaduj\u00ed aseptick\u00e9 podm\u00ednky, p\u0159\u00edpadn\u011b se prov\u00e1d\u011bj\u00ed v ur\u010dit\u00e9m typu celkov\u00e9ho znecitliv\u011bn\u00ed.&nbsp;&nbsp;&nbsp;<\/li><li><strong>Jednotka intenzivn\u00ed p\u00e9\u010de<\/strong> \u2013 jedn\u00e1 se o specifick\u00e9 pracovi\u0161t\u011b, kde m\u016f\u017ee b\u00fdt p\u0159\u00edtomnost rodi\u010de omezena p\u0159i ur\u010dit\u00e9m typu l\u00e9\u010dby, nap\u0159\u00edklad p\u0159i um\u011bl\u00e9 plicn\u00ed ventilaci. D\u016fvod V\u00e1m bude v\u017edy vysv\u011btlen a omezen\u00ed p\u0159\u00edtomnosti bude v\u017edy na dobu pouze nezbytn\u011b nutnou.<\/li><li><strong>Opera\u010dn\u00ed s\u00e1l<\/strong> \u2013 p\u0159\u00edtomnost doprovodu na opera\u010dn\u00edm s\u00e1le obvykle mo\u017en\u00e1 nen\u00ed a vzhledem k prov\u00e1d\u011bn\u00ed v\u011bt\u0161iny d\u011btsk\u00fdch opera\u010dn\u00edch v\u00fdkon\u016f v celkov\u00e9 anest\u00e9zii by ani pro d\u011btsk\u00e9ho pacienta nebyla p\u0159\u00ednosem. Nav\u00edc, pacienti odch\u00e1zej\u00ed na opera\u010dn\u00ed s\u00e1l po aplikaci premedikace, aby byl zaji\u0161t\u011bn klidn\u00fd \u00favod do celkov\u00e9 anestezie. Nep\u0159\u00edtomnost rodi\u010de tak nem\u00e1 na d\u00edt\u011b negativn\u00ed vliv. Dal\u0161\u00edm d\u016fvodem je nutnost respektov\u00e1n\u00ed soukrom\u00ed jin\u00fdch pacient\u016f.<\/li><li><strong>Radiodiagnostick\u00e1 pracovi\u0161t\u011b a pracovi\u0161t\u011b vyu\u017e\u00edvaj\u00edc\u00ed z\u00e1\u0159en\u00ed <\/strong>&#8211; na t\u011bchto pracovi\u0161t\u00edch m\u016f\u017ee b\u00fdt p\u0159\u00edtomnost rodi\u010d\u016f krom\u011b v\u00fd\u0161e uveden\u00fdch d\u016fvod\u016f omezena i z d\u016fvodu bezpe\u010dnosti doprovodu s ohledem na v\u00fdskyt r\u016fzn\u00e9ho typu z\u00e1\u0159en\u00ed.<\/li><\/ol>\n\n\n\n<p class=\"wp-block-paragraph\">Uveden\u00e9 p\u0159\u00edpady jsou podlo\u017eeny Z\u00e1konem o zdravotnick\u00fdch slu\u017eb\u00e1ch \u010d. 372\/2011Sb., konkr\u00e9tn\u011b \u00a728, odst. 3, p\u00edsm. e), p\u0159\u00edpadn\u011b Vnit\u0159n\u00edm \u0159\u00e1dem poskytovatele zdravotn\u00edch slu\u017eeb dle \u00a741, odst. 1, p\u00edsm. b) a \u00a7 46odst. 1, p\u00edsm. a) t\u00e9ho\u017e z\u00e1kona.<\/p>\n","protected":false},"excerpt":{"rendered":"<p>&nbsp;Informace o p\u0159\u00edtomnosti rodi\u010d\u016f \u010di jin\u00e9ho doprovodu d\u00edt\u011bte p\u0159i poskytov\u00e1n\u00ed zdravotn\u00ed p\u00e9\u010de d\u011btem Nezletil\u00fd pacient m\u00e1 pr\u00e1vo na [&hellip;]<\/p>\n","protected":false},"author":4,"featured_media":741,"comment_status":"closed","ping_status":"closed","sticky":false,"template":"","format":"standard","meta":{"_acf_changed":false,"kia_subtitle":""},"categories":[1],"tags":[],"class_list":["post-2343","post","type-post","status-publish","has-post-thumbnail","hentry","category-nezarazene"],"acf":[],"lang":"cs","translations":{"cs":2343},"pll_sync_post":[],"_links":{"self":[{"href":"https:\/\/www.pediatrics.cz\/api\/wp\/v2\/posts\/2343","targetHints":{"allow":["GET"]}}],"collection":[{"href":"https:\/\/www.pediatrics.cz\/api\/wp\/v2\/posts"}],"about":[{"href":"https:\/\/www.pediatrics.cz\/api\/wp\/v2\/types\/post"}],"author":[{"embeddable":true,"href":"https:\/\/www.pediatrics.cz\/api\/wp\/v2\/users\/4"}],"replies":[{"embeddable":true,"href":"https:\/\/www.pediatrics.cz\/api\/wp\/v2\/comments?post=2343"}],"version-history":[{"count":0,"href":"https:\/\/www.pediatrics.cz\/api\/wp\/v2\/posts\/2343\/revisions"}],"wp:featuredmedia":[{"embeddable":true,"href":"https:\/\/www.pediatrics.cz\/api\/wp\/v2\/media\/741"}],"wp:attachment":[{"href":"https:\/\/www.pediatrics.cz\/api\/wp\/v2\/media?parent=2343"}],"wp:term":[{"taxonomy":"category","embeddable":true,"href":"https:\/\/www.pediatrics.cz\/api\/wp\/v2\/categories?post=2343"},{"taxonomy":"post_tag","embeddable":true,"href":"https:\/\/www.pediatrics.cz\/api\/wp\/v2\/tags?post=2343"}],"curies":[{"name":"wp","href":"https:\/\/api.w.org\/{rel}","templated":true}]}}