{"id":2776,"date":"2022-01-07T14:29:00","date_gmt":"2022-01-07T13:29:00","guid":{"rendered":"https:\/\/www.pediatrics.cz\/postavme-se-na-stranu-deti-2-copy\/"},"modified":"2022-01-14T10:38:57","modified_gmt":"2022-01-14T09:38:57","slug":"webinar-novinky-v-nemocnicni-lecbe-covid-19","status":"publish","type":"post","link":"https:\/\/www.pediatrics.cz\/webinar-novinky-v-nemocnicni-lecbe-covid-19\/","title":{"rendered":"WEBIN\u00c1\u0158-Novinky v&nbsp;nemocni\u010dn\u00ed l\u00e9\u010db\u011b COVID-19"},"content":{"rendered":"\n<p class=\"wp-block-paragraph\">V\u00e1\u017een\u00e9 kolegyn\u011b, kolegov\u00e9,<\/p>\n\n\n\n<p class=\"wp-block-paragraph\">r\u00e1di bychom V\u00e1s pozvali na&nbsp;<strong>webin\u00e1\u0159 Novinky v nemocni\u010dn\u00ed l\u00e9\u010db\u011b Covidu-19<\/strong>.<br>P\u0159ihl\u00e1\u0161en\u00ed k webin\u00e1\u0159i m\u016f\u017eete prov\u00e9st&nbsp;zde, <a rel=\"noreferrer noopener\" href=\"https:\/\/www.grada.cz\/vzdelavani\/covid-19\/\" target=\"_blank\">na adrese nakladatelstv\u00ed,<\/a><br><br>PROGRAM:<br>17.00\u201417.30&nbsp;<strong>Patogeneze Covidu-19<\/strong>, prof. MUDr. Ji\u0159\u00ed Bene\u0161, CSc.<br>17.30\u201418.00&nbsp;<strong>Novinky v diagnostice Covidu-19<\/strong>, MUDr. Marek \u0160tefan, MBA<br>18.00\u201418.30&nbsp;<strong>Novinky v l\u00e9\u010db\u011b Covidu-19<\/strong>, prim. MUDr. Pavel Dlouh\u00fd<br>18.30\u201418.45&nbsp;<strong>Jak dob\u0159e pou\u017e\u00edvat HFNO<\/strong>, Ing. Karel Michal\u00edk<br>18.45\u201419.00 Diskuse p\u0159edn\u00e1\u0161ej\u00edc\u00edch a odpov\u011bdi na ot\u00e1zky poslucha\u010d\u016f<br><br>Vzd\u011bl\u00e1vac\u00ed akci po\u0159\u00e1d\u00e1 Nakladatelsk\u00fd d\u016fm GRADA ve spolupr\u00e1ci se Spole\u010dnost\u00ed infek\u010dn\u00edho l\u00e9ka\u0159stv\u00ed \u010cesk\u00e9 l\u00e9ka\u0159sk\u00e9 spole\u010dnosti Jana Evangelisty Purkyn\u011b.<br>Akce je po\u0159\u00e1dan\u00e1 dle Stavovsk\u00e9ho p\u0159edpisu \u010cLK \u010d. 16.<\/p>\n\n\n\n<figure class=\"block-image size-large\"><a href=\"https:\/\/www.grada.cz\/vzdelavani\/covid-19\/\"><img loading=\"lazy\" decoding=\"async\" width=\"600\" height=\"520\" src=\"https:\/\/www.pediatrics.cz\/content\/uploads\/2022\/01\/webinar-1.png\" alt=\"\" class=\"wp-image-2778\" srcset=\"https:\/\/www.pediatrics.cz\/content\/uploads\/2022\/01\/webinar-1.png 600w, https:\/\/www.pediatrics.cz\/content\/uploads\/2022\/01\/webinar-1-300x260.png 300w\" sizes=\"auto, (max-width: 600px) 100vw, 600px\" \/><\/a><\/figure>\n\n\n\n<p class=\"wp-block-paragraph\"><br><\/p>\n","protected":false},"excerpt":{"rendered":"<p>V\u00e1\u017een\u00e9 kolegyn\u011b, kolegov\u00e9, r\u00e1di bychom V\u00e1s pozvali na&nbsp;webin\u00e1\u0159 Novinky v nemocni\u010dn\u00ed l\u00e9\u010db\u011b Covidu-19.P\u0159ihl\u00e1\u0161en\u00ed k webin\u00e1\u0159i m\u016f\u017eete prov\u00e9st&nbsp;zde, na [&hellip;]<\/p>\n","protected":false},"author":4,"featured_media":2799,"comment_status":"closed","ping_status":"closed","sticky":false,"template":"","format":"standard","meta":{"_acf_changed":false,"kia_subtitle":""},"categories":[1],"tags":[],"class_list":["post-2776","post","type-post","status-publish","has-post-thumbnail","hentry","category-nezarazene"],"acf":[],"lang":"cs","translations":{"cs":2776},"pll_sync_post":[],"_links":{"self":[{"href":"https:\/\/www.pediatrics.cz\/api\/wp\/v2\/posts\/2776","targetHints":{"allow":["GET"]}}],"collection":[{"href":"https:\/\/www.pediatrics.cz\/api\/wp\/v2\/posts"}],"about":[{"href":"https:\/\/www.pediatrics.cz\/api\/wp\/v2\/types\/post"}],"author":[{"embeddable":true,"href":"https:\/\/www.pediatrics.cz\/api\/wp\/v2\/users\/4"}],"replies":[{"embeddable":true,"href":"https:\/\/www.pediatrics.cz\/api\/wp\/v2\/comments?post=2776"}],"version-history":[{"count":0,"href":"https:\/\/www.pediatrics.cz\/api\/wp\/v2\/posts\/2776\/revisions"}],"wp:featuredmedia":[{"embeddable":true,"href":"https:\/\/www.pediatrics.cz\/api\/wp\/v2\/media\/2799"}],"wp:attachment":[{"href":"https:\/\/www.pediatrics.cz\/api\/wp\/v2\/media?parent=2776"}],"wp:term":[{"taxonomy":"category","embeddable":true,"href":"https:\/\/www.pediatrics.cz\/api\/wp\/v2\/categories?post=2776"},{"taxonomy":"post_tag","embeddable":true,"href":"https:\/\/www.pediatrics.cz\/api\/wp\/v2\/tags?post=2776"}],"curies":[{"name":"wp","href":"https:\/\/api.w.org\/{rel}","templated":true}]}}