{"id":2975,"date":"2022-03-10T14:15:29","date_gmt":"2022-03-10T13:15:29","guid":{"rendered":"https:\/\/www.pediatrics.cz\/mz-cr-covid-19-spusteni-registrace-pro-ockovani-posilujici-3-davkou-pro-deti-od-12-let-copy\/"},"modified":"2023-01-24T10:27:51","modified_gmt":"2023-01-24T09:27:51","slug":"ceska-pediatricka-spolecnost-pomoc-ukrajine","status":"publish","type":"post","link":"https:\/\/www.pediatrics.cz\/ceska-pediatricka-spolecnost-pomoc-ukrajine\/","title":{"rendered":"\u010cesk\u00e1 pediatrick\u00e1 spole\u010dnost &#8211; POMOC UKRAJIN\u011a"},"content":{"rendered":"\n<p class=\"wp-block-paragraph\"><strong><em>Postoj \u010cPS k humanit\u00e1rn\u00ed krizi v souvislosti s ruskou invaz\u00ed na Ukrajinu<\/em><\/strong><\/p>\n\n\n\n<p class=\"wp-block-paragraph\"><em>Hlavn\u00edm&nbsp;t\u00e9matem ned\u00e1vn\u00fdch dn\u00ed je&nbsp;<strong>humanit\u00e1rn\u00ed krize<\/strong>&nbsp;vznikl\u00e1 v souvislosti s v\u00e1le\u010dn\u00fdm konfliktem na Ukrajin\u011b. V\u00fdbor \u010cPS vn\u00edm\u00e1 nejen zdravotn\u00ed, ale i soci\u00e1ln\u00ed a psychologick\u00e9 dopady rusk\u00e9 vojensk\u00e9 intervence doprov\u00e1zen\u00e9 masivn\u00edm exodem zejm\u00e9na ukrajinsk\u00fdch \u017een a d\u011bt\u00ed. \u010cesk\u00e1 pediatrie se p\u0159ipravuje na n\u00e1por nov\u00fdch pacient\u016f, jak v prim\u00e1rn\u00ed p\u00e9\u010di, tak v ambulanc\u00edch a na l\u016f\u017ek\u00e1ch d\u011btsk\u00fdch odd\u011blen\u00ed.&nbsp;<strong>Je na\u0161\u00ed povinnost\u00ed spole\u010dn\u00fdmi silami situaci zvl\u00e1dnout, by\u0165 to bude znamenat omezen\u00ed na\u0161eho &#8222;komfortu&#8220;, v\u00edce odveden\u00e9 pr\u00e1ce a \u010dasto i nejistotu jej\u00ed \u00fahrady. M\u011bli bychom poskytnout ukrajinsk\u00fdm d\u011btem srovnatelnou p\u00e9\u010di s d\u011btmi \u010desk\u00fdmi.<\/strong>&nbsp;Jsme si z\u00e1rove\u0148 v\u011bdomi i rizik a nov\u00fdch zdravotn\u00edch v\u00fdzev, kter\u00e9 jsou s migra\u010dn\u00ed vlnou spojeny vzhledem k n\u011bkter\u00fdm rozd\u00edl\u016fm mezi ukrajinsk\u00fdm a \u010desk\u00fdm syst\u00e9mem pediatrick\u00e9 p\u00e9\u010de. Na mo\u017en\u00e1 rizika rozd\u00edln\u00e9ho spektra infek\u010dn\u00edch nemoc\u00ed v kombinaci s ni\u017e\u0161\u00ed proo\u010dkovanost\u00ed populace upozor\u0148uje&nbsp;<strong>stanovisko \u010cesk\u00e9 vakcinologick\u00e9 spole\u010dnosti<\/strong>, na kter\u00e9 odkazujeme zde na webu. Z\u00e1rove\u0148 je t\u0159eba p\u00e9\u010di o nov\u011b p\u0159\u00edchoz\u00ed pacienty systematizovat. \u010cPS v sou\u010dasn\u00e9 dob\u011b p\u0159ipom\u00ednkuje mezioborov\u00fd materi\u00e1l, kter\u00fd se t\u00e9to problematice v\u011bnuje. Z\u00e1rove\u0148 budou z\u00e1stupci odborn\u00fdch spole\u010dnost\u00ed v\u010detn\u011b \u010cPS jednat na Ministerstvu zdravotnictv\u00ed o dal\u0161\u00edch ot\u00e1zk\u00e1ch&nbsp;<strong>koncepce zdravotn\u00ed p\u00e9\u010de o uprchl\u00edky<\/strong>&nbsp;v \u010cR. O v\u00fdsledc\u00edch jedn\u00e1n\u00ed V\u00e1s budeme pr\u016fb\u011b\u017en\u011b informovat a materi\u00e1ly zve\u0159ej\u0148ovat na&nbsp;<a href=\"http:\/\/www.pediatrics.cz\/\" target=\"_blank\" rel=\"noreferrer noopener\">www.pediatrics.cz<\/a><\/em><em>. S uvedenou situac\u00ed souvis\u00ed i prosba sm\u011brem ke ka\u017ed\u00e9mu z V\u00e1s, zejm\u00e9na v\u0161ak k vedouc\u00edm d\u011btsk\u00fdch l\u016f\u017ekov\u00fdch odd\u011blen\u00ed. Vzhledem k tomu, \u017ee n\u00e1por na jednotliv\u00e1 zdravotnick\u00e1 za\u0159\u00edzen\u00ed v \u010cR m\u016f\u017ee b\u00fdt nerovnom\u011brn\u00fd, cht\u011bli bychom po\u017e\u00e1dat o&nbsp;<strong>sou\u010dinnost v redistribuci d\u011btsk\u00fdch pacient\u016f<\/strong>&nbsp;z p\u0159et\u00ed\u017een\u00fdch center do m\u00edst, kde bude kapacita napln\u011bna m\u00e9n\u011b. D\u011bkujeme v\u0161em za vst\u0159\u00edcnost.<\/em><\/p>\n\n\n\n<p class=\"wp-block-paragraph\"><em>\u010cPS se sna\u017e\u00ed pom\u00e1hat nejen u n\u00e1s, ale nen\u00ed n\u00e1m lhostejn\u00e1 ani situace p\u0159\u00edmo v m\u00edst\u011b v\u00e1le\u010dn\u00e9ho konfliktu. Jsme si v\u011bdomi toho, \u017ee ukrajinsk\u00fdm nemocnic\u00edm chyb\u00ed zdravotnick\u00e1 technika, materi\u00e1l, l\u00e9ky a dal\u0161\u00ed pot\u0159ebn\u00e9 vybaven\u00ed pro p\u00e9\u010di o (nejen) d\u011btsk\u00e9 pacienty. Z tohoto d\u016fvodu \u010cPS&nbsp;<strong>v\u011bnovala 100.000,- K\u010d na konto organizace \u010clov\u011bk v t\u00edsni<\/strong>, kde byly p\u0159\u00edsp\u011bvky d\u00edky iniciativ\u011b \u010cSOB&nbsp;<strong>zdvojn\u00e1sobeny<\/strong>. D\u011bkujeme v\u0161em na\u0161im \u010dlen\u016fm, kte\u0159\u00ed p\u0159isp\u011bli a p\u0159isp\u00edvaj\u00ed nejen svou zdravotnickou \u010dinnost\u00ed, ale i finan\u010dn\u011b na zm\u00edrn\u011bn\u00ed humanit\u00e1rn\u00ed katastrofy zp\u016fsoben\u00e9 ruskou invaz\u00ed na Ukrajinu.<\/em><\/p>\n","protected":false},"excerpt":{"rendered":"<p>Postoj \u010cPS k humanit\u00e1rn\u00ed krizi v souvislosti s ruskou invaz\u00ed na Ukrajinu Hlavn\u00edm&nbsp;t\u00e9matem ned\u00e1vn\u00fdch dn\u00ed je&nbsp;humanit\u00e1rn\u00ed krize&nbsp;vznikl\u00e1 v [&hellip;]<\/p>\n","protected":false},"author":4,"featured_media":2958,"comment_status":"closed","ping_status":"closed","sticky":false,"template":"","format":"standard","meta":{"_acf_changed":false,"kia_subtitle":""},"categories":[1],"tags":[],"class_list":["post-2975","post","type-post","status-publish","has-post-thumbnail","hentry","category-nezarazene"],"acf":[],"lang":"cs","translations":{"cs":2975},"pll_sync_post":[],"_links":{"self":[{"href":"https:\/\/www.pediatrics.cz\/api\/wp\/v2\/posts\/2975","targetHints":{"allow":["GET"]}}],"collection":[{"href":"https:\/\/www.pediatrics.cz\/api\/wp\/v2\/posts"}],"about":[{"href":"https:\/\/www.pediatrics.cz\/api\/wp\/v2\/types\/post"}],"author":[{"embeddable":true,"href":"https:\/\/www.pediatrics.cz\/api\/wp\/v2\/users\/4"}],"replies":[{"embeddable":true,"href":"https:\/\/www.pediatrics.cz\/api\/wp\/v2\/comments?post=2975"}],"version-history":[{"count":0,"href":"https:\/\/www.pediatrics.cz\/api\/wp\/v2\/posts\/2975\/revisions"}],"wp:featuredmedia":[{"embeddable":true,"href":"https:\/\/www.pediatrics.cz\/api\/wp\/v2\/media\/2958"}],"wp:attachment":[{"href":"https:\/\/www.pediatrics.cz\/api\/wp\/v2\/media?parent=2975"}],"wp:term":[{"taxonomy":"category","embeddable":true,"href":"https:\/\/www.pediatrics.cz\/api\/wp\/v2\/categories?post=2975"},{"taxonomy":"post_tag","embeddable":true,"href":"https:\/\/www.pediatrics.cz\/api\/wp\/v2\/tags?post=2975"}],"curies":[{"name":"wp","href":"https:\/\/api.w.org\/{rel}","templated":true}]}}