{"id":3582,"date":"2022-07-12T14:52:14","date_gmt":"2022-07-12T12:52:14","guid":{"rendered":"https:\/\/www.pediatrics.cz\/?p=3582"},"modified":"2022-07-12T14:57:51","modified_gmt":"2022-07-12T12:57:51","slug":"mz-cr-manual-pro-poskytovatele-zdravotnich-sluzeb-pro-obcany-ukrajiny","status":"publish","type":"post","link":"https:\/\/www.pediatrics.cz\/mz-cr-manual-pro-poskytovatele-zdravotnich-sluzeb-pro-obcany-ukrajiny\/","title":{"rendered":"MZ \u010cR Manu\u00e1l pro poskytovatele zdravotn\u00edch slu\u017eeb pro ob\u010dany Ukrajiny"},"content":{"rendered":"\n<p class=\"wp-block-paragraph\">V\u00e1\u017een\u00e9 kolegyn\u011b, v\u00e1\u017een\u00ed kolegov\u00e9,<\/p>\n\n\n\n<p class=\"wp-block-paragraph\">na z\u00e1klad\u011b informace Ministerstva zdravotnictv\u00ed \u010cR v\u00e1s informujeme, \u017ee na webu Ministerstva zdravotnictv\u00ed \u010cR byla zve\u0159ejn\u011bna aktualizovan\u00e1 verze<strong> Manu\u00e1lu pro poskytovatele zdravotn\u00edch slu\u017eeb t\u00fdkaj\u00edc\u00ed se mj. \u00fahrady zdravotn\u00ed p\u00e9\u010de za ob\u010dany Ukrajiny <\/strong><br>Odkaz na webu MZ \u010cR:  <a rel=\"noreferrer noopener\" href=\"https:\/\/www.mzcr.cz\/manual-pro-poskytovatele-zdravotnich-sluzeb\" target=\"_blank\">https:\/\/www.mzcr.cz\/manual-pro-poskytovatele-zdravotnich-sluzeb<\/a><\/p>\n\n\n\n<p class=\"wp-block-paragraph\"><a rel=\"noreferrer noopener\" href=\"https:\/\/www.pediatrics.cz\/content\/uploads\/2022\/07\/manual-pro-poskytovatele-zdravotnich-sluzeb_15_06_2022.pdf\" target=\"_blank\">Manu\u00e1l pro poskytovatele zdravotn\u00edch slu\u017eeb<\/a><\/p>\n\n\n\n<p class=\"wp-block-paragraph\">S\u00a0kolegi\u00e1ln\u00edm pozdravem<br>MUDr. Milan Kubek, prezident \u010cLK<\/p>\n\n\n\n<p class=\"wp-block-paragraph\"><\/p>\n","protected":false},"excerpt":{"rendered":"<p>V\u00e1\u017een\u00e9 kolegyn\u011b, v\u00e1\u017een\u00ed kolegov\u00e9, na z\u00e1klad\u011b informace Ministerstva zdravotnictv\u00ed \u010cR v\u00e1s informujeme, \u017ee na webu Ministerstva zdravotnictv\u00ed \u010cR [&hellip;]<\/p>\n","protected":false},"author":4,"featured_media":3580,"comment_status":"closed","ping_status":"closed","sticky":false,"template":"","format":"standard","meta":{"_acf_changed":false,"kia_subtitle":""},"categories":[1],"tags":[],"class_list":["post-3582","post","type-post","status-publish","has-post-thumbnail","hentry","category-nezarazene"],"acf":[],"lang":"cs","translations":{"cs":3582},"pll_sync_post":[],"_links":{"self":[{"href":"https:\/\/www.pediatrics.cz\/api\/wp\/v2\/posts\/3582","targetHints":{"allow":["GET"]}}],"collection":[{"href":"https:\/\/www.pediatrics.cz\/api\/wp\/v2\/posts"}],"about":[{"href":"https:\/\/www.pediatrics.cz\/api\/wp\/v2\/types\/post"}],"author":[{"embeddable":true,"href":"https:\/\/www.pediatrics.cz\/api\/wp\/v2\/users\/4"}],"replies":[{"embeddable":true,"href":"https:\/\/www.pediatrics.cz\/api\/wp\/v2\/comments?post=3582"}],"version-history":[{"count":0,"href":"https:\/\/www.pediatrics.cz\/api\/wp\/v2\/posts\/3582\/revisions"}],"wp:featuredmedia":[{"embeddable":true,"href":"https:\/\/www.pediatrics.cz\/api\/wp\/v2\/media\/3580"}],"wp:attachment":[{"href":"https:\/\/www.pediatrics.cz\/api\/wp\/v2\/media?parent=3582"}],"wp:term":[{"taxonomy":"category","embeddable":true,"href":"https:\/\/www.pediatrics.cz\/api\/wp\/v2\/categories?post=3582"},{"taxonomy":"post_tag","embeddable":true,"href":"https:\/\/www.pediatrics.cz\/api\/wp\/v2\/tags?post=3582"}],"curies":[{"name":"wp","href":"https:\/\/api.w.org\/{rel}","templated":true}]}}