{"id":3609,"date":"2022-08-08T14:57:53","date_gmt":"2022-08-08T12:57:53","guid":{"rendered":"https:\/\/www.pediatrics.cz\/?p=3609"},"modified":"2022-08-09T12:53:07","modified_gmt":"2022-08-09T10:53:07","slug":"seriewebinaru","status":"publish","type":"post","link":"https:\/\/www.pediatrics.cz\/seriewebinaru\/","title":{"rendered":"S\u00e9rie webin\u00e1\u0159\u016f na t\u00e9ma &#8222;The problem with the formula milk industry&#8220;"},"content":{"rendered":"\n<p class=\"wp-block-paragraph\">V\u00e1\u017een\u00e9 kolegyn\u011b, v\u00e1\u017een\u00ed kolegov\u00e9,<\/p>\n\n\n\n<p class=\"has-text-align-left wp-block-paragraph\">r\u00e1di bychom V\u00e1s pozvali na s\u00e9rii webin\u00e1\u0159\u016f na t\u00e9ma <em>Probl\u00e9m s pr\u016fmyslem um\u011bl\u00e9ho ml\u00e9ka<\/em> za podpory organizac\u00ed WHO, The BMJ, PMNCH a CAP2030. Webin\u00e1\u0159e odhal\u00ed marketingov\u00e9 taktiky odv\u011btv\u00ed ovliv\u0148uj\u00edc\u00ed zdravotn\u00edky.<\/p>\n\n\n\n<p class=\"has-text-align-left wp-block-paragraph\">Des\u00edtky let pr\u016fmysl um\u011bl\u00e9ho ml\u00e9ka agresivn\u011b prod\u00e1v\u00e1 sv\u00e9 v\u00fdrobky \u2013 navzdory negativn\u00edmu dopadu na zdrav\u00ed d\u011bt\u00ed a matek, lidsk\u00e1 pr\u00e1va a mezin\u00e1rodn\u00edmu kodexu schv\u00e1len\u00e9mu v\u0161emi zem\u011bmi, kter\u00fd omezuje tento marketing. Spole\u010dnosti vyr\u00e1b\u011bj\u00edc\u00ed um\u011bl\u00e9 ml\u00e9ko se nezam\u011b\u0159uj\u00ed pouze na rodi\u010de, ale c\u00edl\u00ed i na zdravotn\u00edky, kter\u00fdm rodi\u010de d\u016fv\u011b\u0159uj\u00ed.<\/p>\n\n\n\n<p class=\"wp-block-paragraph\">Prvn\u00ed webin\u00e1\u0159 se bude v\u011bnovat marketingu a zku\u0161enostem zdravotn\u00edk\u016f, jak \u010delit t\u011bmto taktik\u00e1m. Druh\u00fd webin\u00e1\u0159 prozkoum\u00e1 roli zdravotnick\u00fdch profesn\u00edch sdru\u017een\u00ed ve v\u011bci vyu\u017eit\u00ed jejich hlasu a moci k zaujet\u00ed stanoviska.<\/p>\n\n\n\n<p class=\"wp-block-paragraph\"><strong>Webin\u00e1\u0159 1: Nezdrav\u00fd vliv na zdravotn\u00edky?<\/strong><br>\u010ctvrtek 8. z\u00e1\u0159\u00ed 2022<br>14:00\u201315:15 UCT+1 (Lond\u00fdn)<br>Zaregistrujte se zde: <a href=\"https:\/\/bmj.zoom.us\/webinar\/register\/WN_xahwkUc7RIKrbTbmycPjAA\">https:\/\/bmj.zoom.us\/webinar\/register\/WN_xahwkUc7RIKrbTbmycPjAA<\/a><\/p>\n\n\n\n<p class=\"wp-block-paragraph\"><strong>Webin\u00e1\u0159 2: M\u011bla by zdravotnick\u00e1 profesn\u00ed sdru\u017een\u00ed odm\u00edtnout financov\u00e1n\u00ed pr\u016fmyslu?<\/strong><br>\u010ctvrtek 29. z\u00e1\u0159\u00ed 2022<br>14:00\u201315:15 UCT+1 (Lond\u00fdn)<br>Zaregistrujte se zde: <a href=\"https:\/\/bmj.zoom.us\/j\/83139372057?pwd=bkF1R3FYOEpKNzdSOHdPSEpCdGlNQT09\">https:\/\/bmj.zoom.us\/j\/83139372057?pwd=bkF1R3FYOEpKNzdSOHdPSEpCdGlNQT09<\/a><\/p>\n\n\n\n<figure class=\"block-image size-full\"><img loading=\"lazy\" decoding=\"async\" width=\"642\" height=\"200\" src=\"https:\/\/www.pediatrics.cz\/content\/uploads\/2022\/08\/vystrizek.png\" alt=\"Problem with the formula milk industry.\" class=\"wp-image-3610\" srcset=\"https:\/\/www.pediatrics.cz\/content\/uploads\/2022\/08\/vystrizek.png 642w, https:\/\/www.pediatrics.cz\/content\/uploads\/2022\/08\/vystrizek-300x93.png 300w\" sizes=\"auto, (max-width: 642px) 100vw, 642px\" \/><\/figure>\n\n\n\n<p class=\"wp-block-paragraph\"><\/p>\n","protected":false},"excerpt":{"rendered":"<p>V\u00e1\u017een\u00e9 kolegyn\u011b, v\u00e1\u017een\u00ed kolegov\u00e9, r\u00e1di bychom V\u00e1s pozvali na s\u00e9rii webin\u00e1\u0159\u016f na t\u00e9ma Probl\u00e9m s pr\u016fmyslem um\u011bl\u00e9ho ml\u00e9ka [&hellip;]<\/p>\n","protected":false},"author":4,"featured_media":3641,"comment_status":"closed","ping_status":"closed","sticky":false,"template":"","format":"standard","meta":{"_acf_changed":false,"kia_subtitle":""},"categories":[1],"tags":[],"class_list":["post-3609","post","type-post","status-publish","has-post-thumbnail","hentry","category-nezarazene"],"acf":[],"lang":"cs","translations":{"cs":3609},"pll_sync_post":[],"_links":{"self":[{"href":"https:\/\/www.pediatrics.cz\/api\/wp\/v2\/posts\/3609","targetHints":{"allow":["GET"]}}],"collection":[{"href":"https:\/\/www.pediatrics.cz\/api\/wp\/v2\/posts"}],"about":[{"href":"https:\/\/www.pediatrics.cz\/api\/wp\/v2\/types\/post"}],"author":[{"embeddable":true,"href":"https:\/\/www.pediatrics.cz\/api\/wp\/v2\/users\/4"}],"replies":[{"embeddable":true,"href":"https:\/\/www.pediatrics.cz\/api\/wp\/v2\/comments?post=3609"}],"version-history":[{"count":0,"href":"https:\/\/www.pediatrics.cz\/api\/wp\/v2\/posts\/3609\/revisions"}],"wp:featuredmedia":[{"embeddable":true,"href":"https:\/\/www.pediatrics.cz\/api\/wp\/v2\/media\/3641"}],"wp:attachment":[{"href":"https:\/\/www.pediatrics.cz\/api\/wp\/v2\/media?parent=3609"}],"wp:term":[{"taxonomy":"category","embeddable":true,"href":"https:\/\/www.pediatrics.cz\/api\/wp\/v2\/categories?post=3609"},{"taxonomy":"post_tag","embeddable":true,"href":"https:\/\/www.pediatrics.cz\/api\/wp\/v2\/tags?post=3609"}],"curies":[{"name":"wp","href":"https:\/\/api.w.org\/{rel}","templated":true}]}}