{"id":3886,"date":"2022-11-07T18:14:33","date_gmt":"2022-11-07T17:14:33","guid":{"rendered":"https:\/\/www.pediatrics.cz\/?p=3886"},"modified":"2022-11-07T20:04:45","modified_gmt":"2022-11-07T19:04:45","slug":"projekt-unicef-podporuje-primarni-ambulantni-peci-v-nemocnicich","status":"publish","type":"post","link":"https:\/\/www.pediatrics.cz\/projekt-unicef-podporuje-primarni-ambulantni-peci-v-nemocnicich\/","title":{"rendered":"Projekt UNICEF podporuje prim\u00e1rn\u00ed ambulantn\u00ed p\u00e9\u010di v&nbsp;nemocnic\u00edch"},"content":{"rendered":"\n<p class=\"wp-block-paragraph\">V\u00e1\u017een\u00e9 kolegyn\u011b, v\u00e1\u017een\u00ed kolegov\u00e9,<\/p>\n\n\n\n<p class=\"wp-block-paragraph\">r\u00e1di bychom v\u00e1s informovali o projektu financovan\u00fdm organizac\u00ed UNICEF a jeho podm\u00ednk\u00e1ch pro poskytnut\u00ed podpory prim\u00e1rn\u00ed ambulantn\u00ed p\u00e9\u010de v nemocnic\u00edch.<\/p>\n\n\n\n<p class=\"wp-block-paragraph\"><em>Podm\u00ednkou pro \u010derp\u00e1n\u00ed p\u0159\u00edsp\u011bvku je nav\u00fd\u0161en\u00ed kapacit prim\u00e1rn\u00ed p\u00e9\u010de. Nen\u00ed nezbytn\u00e9 z\u0159izovat nov\u00e9 pracovi\u0161t\u011b, p\u0159\u00edsp\u011bvky lze pou\u017e\u00edt i na roz\u0161\u00ed\u0159en\u00ed p\u00e9\u010de ji\u017e st\u00e1vaj\u00edc\u00edho pracovi\u0161t\u011b. <strong>Nezbytn\u00e9 je, aby ke&nbsp;kvalitn\u00ed p\u00e9\u010di v\u010detn\u011b o\u010dkov\u00e1n\u00ed m\u011bli p\u0159\u00edstup i uprchl\u00edci.<\/strong>&nbsp;&nbsp;<\/em><\/p>\n\n\n\n<p class=\"wp-block-paragraph\">Lze \u010derpat n\u00e1sleduj\u00edc\u00ed prost\u0159edky na dobu 1 roku, pravd\u011bpodobn\u011b do konce roku 2023 s&nbsp;t\u011bmito maxim\u00e1ln\u00edmi limity:<\/p>\n\n\n\n<ul class=\"block-list\"><li>a\u017e 1 milion K\u010d na stavebn\u00ed \u00fapravy<\/li><li>p\u0159\u00edsp\u011bvek na m\u011bs\u00ed\u010dn\u00ed mzdov\u00e9 n\u00e1klady (l\u00e9ka\u0159: 70 tis. K\u010d, zdravotn\u00ed sestra:  45 tis. K\u010d, 2 administrativn\u00ed pracovn\u00edci: 35 tis. K\u010d). Podm\u00ednkou je, aby alespo\u0148 1 administrativn\u00ed pracovn\u00edk komunikoval v ukrajin\u0161tin\u011b<\/li><li>spot\u0159ebn\u00ed materi\u00e1l: 15 tis. K\u010d.<\/li><\/ul>\n\n\n\n<p class=\"wp-block-paragraph\">A\u010dkoli c\u00edlov\u00e9 po\u010dty, pro kter\u00e9 by p\u00e9\u010de m\u011bla b\u00fdt ur\u010dena, jsou relativn\u011b vysok\u00e9, lze podat \u017e\u00e1dost i na ni\u017e\u0161\u00ed po\u010dty, pokud budete \u017e\u00e1dat pouze na ambulanci PLDD:<\/p>\n\n\n\n<p class=\"wp-block-paragraph\">Po\u010det osob, kter\u00fdm bude zaji\u0161\u0165ov\u00e1na p\u00e9\u010de:&nbsp;&nbsp;&nbsp;&nbsp;&nbsp;&nbsp;&nbsp;&nbsp;&nbsp;&nbsp;&nbsp;&nbsp;&nbsp;&nbsp;&nbsp;&nbsp;&nbsp;&nbsp;&nbsp;&nbsp;&nbsp;&nbsp;&nbsp;&nbsp;&nbsp;&nbsp;&nbsp;&nbsp;&nbsp;&nbsp;&nbsp;  &nbsp;&nbsp; 5&nbsp;000<\/p>\n\n\n\n<p class=\"wp-block-paragraph\">Po\u010det vy\u0161et\u0159en\u00ed\/rok:\u00a0\u00a0\u00a0\u00a0\u00a0\u00a0\u00a0\u00a0\u00a0\u00a0\u00a0\u00a0\u00a0\u00a0\u00a0\u00a0\u00a0\u00a0\u00a0\u00a0\u00a0\u00a0\u00a0\u00a0\u00a0\u00a0\u00a0\u00a0\u00a0\u00a0\u00a0\u00a0\u00a0\u00a0\u00a0\u00a0\u00a0\u00a0\u00a0\u00a0\u00a0\u00a0\u00a0\u00a0\u00a0\u00a0\u00a0\u00a0\u00a0\u00a0\u00a0\u00a0\u00a0\u00a0\u00a0\u00a0\u00a0\u00a0\u00a0\u00a0\u00a0\u00a0\u00a0 \u00a0\u00a0 \u00a0\u00a0 \u00a010\u00a0000<\/p>\n\n\n\n<p class=\"wp-block-paragraph\">Po\u010det d\u011bt\u00ed, kter\u00e9 budou m\u00edt p\u0159\u00edstup k vakcinaci:&nbsp;&nbsp;&nbsp;&nbsp;&nbsp;&nbsp;&nbsp;&nbsp;&nbsp;&nbsp;&nbsp;&nbsp;&nbsp;&nbsp;&nbsp;&nbsp;&nbsp;&nbsp; &nbsp;&nbsp;&nbsp;&nbsp;&nbsp;&nbsp;  &nbsp;&nbsp;&nbsp;&nbsp;&nbsp; 500<\/p>\n\n\n\n<p class=\"wp-block-paragraph\">Po\u010det osob, kter\u00e9 budou s&nbsp;nab\u00eddkou osloveny:&nbsp;&nbsp;&nbsp;&nbsp;&nbsp;&nbsp;&nbsp;&nbsp;&nbsp;&nbsp;&nbsp;&nbsp;&nbsp;&nbsp;&nbsp;&nbsp;&nbsp;&nbsp;&nbsp;&nbsp;  &nbsp;&nbsp;&nbsp;&nbsp; 150&nbsp;000<\/p>\n\n\n\n<p class=\"wp-block-paragraph\">Ofici\u00e1ln\u00ed formul\u00e1\u0159 \u017e\u00e1dosti neexistuje, v \u017e\u00e1dosti je nutn\u00e9 uv\u00e9st realistick\u00e9 c\u00edlov\u00e9 po\u010dty. P\u0159i pl\u00e1nu provozov\u00e1n\u00ed jak ambulance PLDD, tak v\u0161eobecn\u00e9ho praktick\u00e9ho l\u00e9ka\u0159e (VPL), je mo\u017eno \u017e\u00e1dat o p\u0159\u00edsp\u011bvek pro ka\u017ed\u00e9 pracovi\u0161t\u011b zvl\u00e1\u0161\u0165.<\/p>\n\n\n\n<p class=\"wp-block-paragraph\"><strong>Koordin\u00e1torem projektu je MZ\u010cR, s&nbsp;dotazy a konkr\u00e9tn\u00edmi \u017e\u00e1dostmi je mo\u017en\u00e9 se obr\u00e1tit na: ing. S\u00e1ru Kremelovou, mail: <u><a href=\"mailto:sara.kremelova@mzcr.cz\">sara.kremelova@mzcr.cz<\/a><\/u> <\/strong><\/p>\n","protected":false},"excerpt":{"rendered":"<p>V\u00e1\u017een\u00e9 kolegyn\u011b, v\u00e1\u017een\u00ed kolegov\u00e9, r\u00e1di bychom v\u00e1s informovali o projektu financovan\u00fdm organizac\u00ed UNICEF a jeho podm\u00ednk\u00e1ch pro poskytnut\u00ed [&hellip;]<\/p>\n","protected":false},"author":4,"featured_media":3887,"comment_status":"closed","ping_status":"closed","sticky":false,"template":"","format":"standard","meta":{"_acf_changed":false,"kia_subtitle":""},"categories":[1],"tags":[],"class_list":["post-3886","post","type-post","status-publish","has-post-thumbnail","hentry","category-nezarazene"],"acf":[],"lang":"cs","translations":{"cs":3886},"pll_sync_post":[],"_links":{"self":[{"href":"https:\/\/www.pediatrics.cz\/api\/wp\/v2\/posts\/3886","targetHints":{"allow":["GET"]}}],"collection":[{"href":"https:\/\/www.pediatrics.cz\/api\/wp\/v2\/posts"}],"about":[{"href":"https:\/\/www.pediatrics.cz\/api\/wp\/v2\/types\/post"}],"author":[{"embeddable":true,"href":"https:\/\/www.pediatrics.cz\/api\/wp\/v2\/users\/4"}],"replies":[{"embeddable":true,"href":"https:\/\/www.pediatrics.cz\/api\/wp\/v2\/comments?post=3886"}],"version-history":[{"count":0,"href":"https:\/\/www.pediatrics.cz\/api\/wp\/v2\/posts\/3886\/revisions"}],"wp:featuredmedia":[{"embeddable":true,"href":"https:\/\/www.pediatrics.cz\/api\/wp\/v2\/media\/3887"}],"wp:attachment":[{"href":"https:\/\/www.pediatrics.cz\/api\/wp\/v2\/media?parent=3886"}],"wp:term":[{"taxonomy":"category","embeddable":true,"href":"https:\/\/www.pediatrics.cz\/api\/wp\/v2\/categories?post=3886"},{"taxonomy":"post_tag","embeddable":true,"href":"https:\/\/www.pediatrics.cz\/api\/wp\/v2\/tags?post=3886"}],"curies":[{"name":"wp","href":"https:\/\/api.w.org\/{rel}","templated":true}]}}