{"id":4385,"date":"2023-03-30T11:43:31","date_gmt":"2023-03-30T09:43:31","guid":{"rendered":"https:\/\/www.pediatrics.cz\/?p=4385"},"modified":"2023-03-30T11:43:36","modified_gmt":"2023-03-30T09:43:36","slug":"diplom-cps-za-celozivotni-praci-v-oblasti-zdravotni-pece-o-deti-a-mladistve","status":"publish","type":"post","link":"https:\/\/www.pediatrics.cz\/diplom-cps-za-celozivotni-praci-v-oblasti-zdravotni-pece-o-deti-a-mladistve\/","title":{"rendered":"Diplom \u010cPS za celo\u017eivotn\u00ed pr\u00e1ci v&nbsp;oblasti zdravotn\u00ed p\u00e9\u010de o&nbsp;d\u011bti a&nbsp;mladistv\u00e9"},"content":{"rendered":"\n<p class=\"wp-block-paragraph\">V\u00e1\u017een\u00ed \u010dlenov\u00e9 \u010cPS,<\/p>\n\n\n\n<p class=\"wp-block-paragraph\">zn\u00e1te-li ve sv\u00e9m okol\u00ed \u010dlov\u011bka (l\u00e9ka\u0159e, sestru, psychologa), kter\u00fd by si dle Va\u0161eho m\u00edn\u011bn\u00ed zaslou\u017eil ocen\u011bn\u00ed <strong>Diplom \u010cPS za celo\u017eivotn\u00ed pr\u00e1ci v\u00a0oblasti zdravotn\u00ed p\u00e9\u010de o d\u011bti a mladistv\u00e9<\/strong>, po\u0161lete n\u00e1m Va\u0161i nominaci. N\u00e1vrhy se stru\u010dn\u00fdm zd\u016fvodn\u011bn\u00edm, pro\u010d vybran\u00e9ho kandid\u00e1ta nominujete, <strong>za\u0161lete pros\u00edm\u00a0do 7. 5. 2023 <\/strong>na e-mailovou adresu:\u00a0<a href=\"mailto:balbr@lf1.cuni.cz\">balbr@lf1.cuni.cz<\/a><\/p>\n\n\n\n<p class=\"wp-block-paragraph\">Nominaci m\u016f\u017ee podat ka\u017ed\u00fd \u010dlen \u010cPS. O v\u00fdb\u011bru rozhoduje v\u00fdbor \u010cPS. Jak se ji\u017e stalo milou tradic\u00ed, <strong>ocen\u011bn\u00ed bude p\u0159ed\u00e1no na XVII. pediatrick\u00e9m kongresu v\u00a0Brn\u011b v\u00a0z\u00e1\u0159\u00ed 2023<\/strong>.<\/p>\n\n\n\n<p class=\"wp-block-paragraph\">D\u011bkujeme za spolupr\u00e1ci!<\/p>\n","protected":false},"excerpt":{"rendered":"<p>V\u00e1\u017een\u00ed \u010dlenov\u00e9 \u010cPS, zn\u00e1te-li ve sv\u00e9m okol\u00ed \u010dlov\u011bka (l\u00e9ka\u0159e, sestru, psychologa), kter\u00fd by si dle Va\u0161eho m\u00edn\u011bn\u00ed zaslou\u017eil [&hellip;]<\/p>\n","protected":false},"author":4,"featured_media":4386,"comment_status":"closed","ping_status":"closed","sticky":false,"template":"","format":"standard","meta":{"_acf_changed":false,"kia_subtitle":""},"categories":[1],"tags":[],"class_list":["post-4385","post","type-post","status-publish","has-post-thumbnail","hentry","category-nezarazene"],"acf":[],"lang":"cs","translations":{"cs":4385},"pll_sync_post":[],"_links":{"self":[{"href":"https:\/\/www.pediatrics.cz\/api\/wp\/v2\/posts\/4385","targetHints":{"allow":["GET"]}}],"collection":[{"href":"https:\/\/www.pediatrics.cz\/api\/wp\/v2\/posts"}],"about":[{"href":"https:\/\/www.pediatrics.cz\/api\/wp\/v2\/types\/post"}],"author":[{"embeddable":true,"href":"https:\/\/www.pediatrics.cz\/api\/wp\/v2\/users\/4"}],"replies":[{"embeddable":true,"href":"https:\/\/www.pediatrics.cz\/api\/wp\/v2\/comments?post=4385"}],"version-history":[{"count":0,"href":"https:\/\/www.pediatrics.cz\/api\/wp\/v2\/posts\/4385\/revisions"}],"wp:featuredmedia":[{"embeddable":true,"href":"https:\/\/www.pediatrics.cz\/api\/wp\/v2\/media\/4386"}],"wp:attachment":[{"href":"https:\/\/www.pediatrics.cz\/api\/wp\/v2\/media?parent=4385"}],"wp:term":[{"taxonomy":"category","embeddable":true,"href":"https:\/\/www.pediatrics.cz\/api\/wp\/v2\/categories?post=4385"},{"taxonomy":"post_tag","embeddable":true,"href":"https:\/\/www.pediatrics.cz\/api\/wp\/v2\/tags?post=4385"}],"curies":[{"name":"wp","href":"https:\/\/api.w.org\/{rel}","templated":true}]}}