{"id":4667,"date":"2023-06-22T19:54:39","date_gmt":"2023-06-22T17:54:39","guid":{"rendered":"https:\/\/www.pediatrics.cz\/?p=4667"},"modified":"2023-06-22T20:00:38","modified_gmt":"2023-06-22T18:00:38","slug":"stanovisko-cps-k-problematice-zdravotni-respitni-pece-v-reakci-na-jednani-na-mzd-cr-dne-18-5-2023","status":"publish","type":"post","link":"https:\/\/www.pediatrics.cz\/stanovisko-cps-k-problematice-zdravotni-respitni-pece-v-reakci-na-jednani-na-mzd-cr-dne-18-5-2023\/","title":{"rendered":"Stanovisko \u010cPS k&nbsp;problematice zdravotn\u00ed respitn\u00ed p\u00e9\u010de v&nbsp;reakci na jedn\u00e1n\u00ed na MZd \u010cR dne 18.&nbsp;5.&nbsp;2023"},"content":{"rendered":"\n<p class=\"wp-block-paragraph\">V\u00e1\u017een\u00e9 kolegyn\u011b, v\u00e1\u017een\u00ed kolegov\u00e9,<\/p>\n\n\n\n<p class=\"wp-block-paragraph\">dovolujeme si v\u00e1s informovat o <strong>nov\u00e9m stanovisku \u010cPS k problematice zdravotn\u00ed respitn\u00ed p\u00e9\u010de v reakci na jedn\u00e1n\u00ed na Ministerstvu zdravotnictv\u00ed \u010cR dne 18. kv\u011btna 2023<\/strong>.<\/p>\n\n\n\n<p class=\"wp-block-paragraph\">\u010cPS vn\u00edm\u00e1 sou\u010dasnou absenci zdravotn\u00ed respitn\u00ed p\u00e9\u010de pro d\u011btsk\u00e9 pacienty s limituj\u00edc\u00edm onemocn\u011bn\u00edm a jejich rodiny jako z\u00e1va\u017enou. \u010cPS \u010cLS JEP nab\u00edz\u00ed aktivn\u00ed \u00fa\u010dast na tomto legislativn\u00edm procesu skrze zapojen\u00ed Sekce d\u011btsk\u00e9 paliativn\u00ed medic\u00edny.<\/p>\n\n\n\n<p class=\"wp-block-paragraph\">Stanovisko \u010cPS naleznete <em><a rel=\"noreferrer noopener\" href=\"https:\/\/www.pediatrics.cz\/content\/uploads\/2023\/06\/respit_podpis.pdf\" data-type=\"URL\" data-id=\"https:\/\/www.pediatrics.cz\/content\/uploads\/2023\/06\/respit_podpis.pdf\" target=\"_blank\">ZDE<\/a><\/em>.<\/p>\n","protected":false},"excerpt":{"rendered":"<p>V\u00e1\u017een\u00e9 kolegyn\u011b, v\u00e1\u017een\u00ed kolegov\u00e9, dovolujeme si v\u00e1s informovat o nov\u00e9m stanovisku \u010cPS k problematice zdravotn\u00ed respitn\u00ed p\u00e9\u010de v [&hellip;]<\/p>\n","protected":false},"author":4,"featured_media":3089,"comment_status":"closed","ping_status":"closed","sticky":false,"template":"","format":"standard","meta":{"_acf_changed":false,"kia_subtitle":""},"categories":[1],"tags":[],"class_list":["post-4667","post","type-post","status-publish","has-post-thumbnail","hentry","category-nezarazene"],"acf":[],"lang":"cs","translations":{"cs":4667},"pll_sync_post":[],"_links":{"self":[{"href":"https:\/\/www.pediatrics.cz\/api\/wp\/v2\/posts\/4667","targetHints":{"allow":["GET"]}}],"collection":[{"href":"https:\/\/www.pediatrics.cz\/api\/wp\/v2\/posts"}],"about":[{"href":"https:\/\/www.pediatrics.cz\/api\/wp\/v2\/types\/post"}],"author":[{"embeddable":true,"href":"https:\/\/www.pediatrics.cz\/api\/wp\/v2\/users\/4"}],"replies":[{"embeddable":true,"href":"https:\/\/www.pediatrics.cz\/api\/wp\/v2\/comments?post=4667"}],"version-history":[{"count":0,"href":"https:\/\/www.pediatrics.cz\/api\/wp\/v2\/posts\/4667\/revisions"}],"wp:featuredmedia":[{"embeddable":true,"href":"https:\/\/www.pediatrics.cz\/api\/wp\/v2\/media\/3089"}],"wp:attachment":[{"href":"https:\/\/www.pediatrics.cz\/api\/wp\/v2\/media?parent=4667"}],"wp:term":[{"taxonomy":"category","embeddable":true,"href":"https:\/\/www.pediatrics.cz\/api\/wp\/v2\/categories?post=4667"},{"taxonomy":"post_tag","embeddable":true,"href":"https:\/\/www.pediatrics.cz\/api\/wp\/v2\/tags?post=4667"}],"curies":[{"name":"wp","href":"https:\/\/api.w.org\/{rel}","templated":true}]}}