{"id":5048,"date":"2023-12-12T11:28:24","date_gmt":"2023-12-12T10:28:24","guid":{"rendered":"https:\/\/www.pediatrics.cz\/?p=5048"},"modified":"2023-12-13T21:24:37","modified_gmt":"2023-12-13T20:24:37","slug":"prakticke-detske-lekarstvi","status":"publish","type":"post","link":"https:\/\/www.pediatrics.cz\/prakticke-detske-lekarstvi\/","title":{"rendered":"Vy\u0161lo 2.&nbsp;vyd\u00e1n\u00ed knihy Praktick\u00e9 d\u011btsk\u00e9 l\u00e9ka\u0159stv\u00ed"},"content":{"rendered":"\n<p class=\"wp-block-paragraph\">V\u00e1\u017een\u00e9 kolegyn\u011b, v\u00e1\u017een\u00ed kolegov\u00e9,<\/p>\n\n\n\n<p class=\"wp-block-paragraph\">r\u00e1di bychom V\u00e1s informovali, \u017ee vy\u0161lo dlouho o\u010dek\u00e1van\u00e9 2. vyd\u00e1n\u00ed knihy<strong> Praktick\u00e9 d\u011btsk\u00e9 l\u00e9ka\u0159stv\u00ed <\/strong>od autorky MUDr. Aleny \u0160ebkov\u00e9, MUDr. Zde\u0148ka Z\u00edmy a kolektivu.<\/p>\n\n\n\n<p class=\"wp-block-paragraph\">C\u00edlem editor\u016f a autor\u016f monografie nen\u00ed nahradit u\u010debnici pediatrie a dal\u0161\u00edch obor\u016f, kniha je prakticky zam\u011b\u0159en\u00e1 a reflektuje ka\u017edodenn\u00ed l\u00e9ka\u0159skou praxi. Ve sv\u00e9m nov\u00e9m vyd\u00e1n\u00ed je v&nbsp;pln\u00e9m rozsahu p\u0159epracov\u00e1na a roz\u0161\u00ed\u0159ena o nov\u00e9 kapitoly.<\/p>\n\n\n\n<p class=\"wp-block-paragraph\">Kniha zahrnuje celou \u0161\u00ed\u0159i problematiky d\u011btsk\u00e9ho a dorostov\u00e9ho praktick\u00e9ho l\u00e9ka\u0159stv\u00ed, v&nbsp;obecn\u00e9 \u010d\u00e1sti se zam\u011b\u0159uje na t\u00e9mata jako organizace prim\u00e1rn\u00ed p\u00e9\u010de v&nbsp;pediatrii v&nbsp;\u010cesk\u00e9 republice, posudkov\u00e1 problematika, preventivn\u00ed prohl\u00eddky, o\u010dkov\u00e1n\u00ed, p\u00e9\u010de o novorozence a kojence, v\u010detn\u011b rizikov\u00fdch novorozenc\u016f, problematika \u0161koln\u00edch d\u011bt\u00ed a specifick\u00e1 p\u00e9\u010de o dorostence. Speci\u00e1ln\u00ed \u010d\u00e1st je v\u011bnovan\u00e1 diferenci\u00e1ln\u00ed diagnostice a diagnostick\u00fdm a terapeutick\u00fdm postup\u016fm u nej\u010dast\u011bj\u0161\u00edch diagn\u00f3z, se kter\u00fdmi se setk\u00e1v\u00e1 ve sv\u00e9 ordinaci praktick\u00fd d\u011btsk\u00fd l\u00e9ka\u0159 v&nbsp;dan\u00e9m org\u00e1nov\u00e9m syst\u00e9mu nebo pediatrick\u00e9 subspecializaci (kardiologie, gastroenterologie, endokrinologie, hematologie, pneumologie, neurologie, genetika, dermatologie a dal\u0161\u00ed).&nbsp;<\/p>\n\n\n\n<p class=\"wp-block-paragraph\">Ve druh\u00e9m vyd\u00e1n\u00ed auto\u0159i reaguj\u00ed na p\u0159ekotn\u00fd v\u00fdvoj medic\u00edny v&nbsp;pr\u016fb\u011bhu COVIDov\u00e9 pandemie a doplnili text o kapitoly v\u011bnovan\u00e9 nov\u011b se objevuj\u00edc\u00edm infek\u010dn\u00edm nemocem, zejm\u00e9na COVID-19, a tak\u00e9 komplikac\u00edm prov\u00e1zej\u00edc\u00edm jejich rekonvalescenci. Dopln\u011bn\u00ed a roz\u0161\u00ed\u0159en\u00ed tak\u00e9 doznaly kapitoly obecn\u00e9 i speci\u00e1ln\u00ed \u010d\u00e1sti, zahrnuj\u00edc\u00ed zm\u011bny spektra screeningov\u00fdch vy\u0161et\u0159en\u00ed u d\u011bt\u00ed a dosp\u00edvaj\u00edc\u00edch. Za\u0159azeny jsou i zcela nov\u00e9 kapitoly reaguj\u00edc\u00ed na migra\u010dn\u00ed vlny a zv\u00fd\u0161enou popula\u010dn\u00ed diverzitu, jejich\u017e za\u0159azen\u00ed si vy\u017e\u00e1daly zm\u011bny \u017eivotn\u00edho stylu rodin na\u0161ich pacient\u016f \u010di m\u011bn\u00edc\u00ed se podm\u00ednky p\u00e9\u010de o d\u011bti a dorost. Proto\u017ee u\u010debnice p\u0159edev\u0161\u00edm reflektuje ka\u017edodenn\u00ed praxi praktick\u00e9ho d\u011btsk\u00e9ho l\u00e9ka\u0159e, je druh\u00e9 vyd\u00e1n\u00ed roz\u0161\u00ed\u0159eno tak\u00e9 o kapitoly v\u011bnovan\u00e9 detail\u016fm prov\u00e1d\u011bn\u00ed preventivn\u00edch prohl\u00eddek.<\/p>\n\n\n\n<p class=\"wp-block-paragraph\">Kniha je ur\u010den\u00e1 p\u0159edev\u0161\u00edm praktick\u00fdm l\u00e9ka\u0159\u016fm pro d\u011bti a dorost, ale i klinick\u00fdm pediatr\u016fm, l\u00e9ka\u0159\u016fm spolupracuj\u00edc\u00edch obor\u016f a \u010derpat z n\u00ed mohou i medici.<\/p>\n\n\n\n<p class=\"wp-block-paragraph\">Cena: 1399 K\u010d, Stran: 704, ISBN: 978-80-271-3741-1<br><a href=\"https:\/\/www.grada.cz\/prakticke-detske-lekarstvi-(1)-13217\/\">https:\/\/www.grada.cz\/prakticke-detske-lekarstvi-(1)-13217<\/a><\/p>\n\n\n\n<div class=\"block-image\"><figure class=\"aligncenter size-full is-resized\"><img loading=\"lazy\" decoding=\"async\" src=\"https:\/\/www.pediatrics.cz\/content\/uploads\/2023\/12\/137411.jpg\" alt=\"137411\" class=\"wp-image-5063\" width=\"383\" height=\"488\" srcset=\"https:\/\/www.pediatrics.cz\/content\/uploads\/2023\/12\/137411.jpg 591w, https:\/\/www.pediatrics.cz\/content\/uploads\/2023\/12\/137411-235x300.jpg 235w\" sizes=\"auto, (max-width: 383px) 100vw, 383px\" \/><\/figure><\/div>\n","protected":false},"excerpt":{"rendered":"<p>V\u00e1\u017een\u00e9 kolegyn\u011b, v\u00e1\u017een\u00ed kolegov\u00e9, r\u00e1di bychom V\u00e1s informovali, \u017ee vy\u0161lo dlouho o\u010dek\u00e1van\u00e9 2. vyd\u00e1n\u00ed knihy Praktick\u00e9 d\u011btsk\u00e9 l\u00e9ka\u0159stv\u00ed [&hellip;]<\/p>\n","protected":false},"author":4,"featured_media":5063,"comment_status":"closed","ping_status":"closed","sticky":false,"template":"","format":"standard","meta":{"_acf_changed":false,"kia_subtitle":""},"categories":[1],"tags":[],"class_list":["post-5048","post","type-post","status-publish","has-post-thumbnail","hentry","category-nezarazene"],"acf":[],"lang":"cs","translations":{"cs":5048},"pll_sync_post":[],"_links":{"self":[{"href":"https:\/\/www.pediatrics.cz\/api\/wp\/v2\/posts\/5048","targetHints":{"allow":["GET"]}}],"collection":[{"href":"https:\/\/www.pediatrics.cz\/api\/wp\/v2\/posts"}],"about":[{"href":"https:\/\/www.pediatrics.cz\/api\/wp\/v2\/types\/post"}],"author":[{"embeddable":true,"href":"https:\/\/www.pediatrics.cz\/api\/wp\/v2\/users\/4"}],"replies":[{"embeddable":true,"href":"https:\/\/www.pediatrics.cz\/api\/wp\/v2\/comments?post=5048"}],"version-history":[{"count":0,"href":"https:\/\/www.pediatrics.cz\/api\/wp\/v2\/posts\/5048\/revisions"}],"wp:featuredmedia":[{"embeddable":true,"href":"https:\/\/www.pediatrics.cz\/api\/wp\/v2\/media\/5063"}],"wp:attachment":[{"href":"https:\/\/www.pediatrics.cz\/api\/wp\/v2\/media?parent=5048"}],"wp:term":[{"taxonomy":"category","embeddable":true,"href":"https:\/\/www.pediatrics.cz\/api\/wp\/v2\/categories?post=5048"},{"taxonomy":"post_tag","embeddable":true,"href":"https:\/\/www.pediatrics.cz\/api\/wp\/v2\/tags?post=5048"}],"curies":[{"name":"wp","href":"https:\/\/api.w.org\/{rel}","templated":true}]}}