{"id":5165,"date":"2024-01-26T10:15:43","date_gmt":"2024-01-26T09:15:43","guid":{"rendered":"https:\/\/www.pediatrics.cz\/?p=5165"},"modified":"2024-10-08T19:44:00","modified_gmt":"2024-10-08T17:44:00","slug":"xviii-pediatricky-kongres","status":"publish","type":"post","link":"https:\/\/www.pediatrics.cz\/xviii-pediatricky-kongres\/","title":{"rendered":"XVIII. Pediatrick\u00fd kongres"},"content":{"rendered":"\n<p class=\"wp-block-paragraph\">Va\u017een\u00e9 kolegyn\u011b, kolegov\u00e9,<\/p>\n\n\n\n<p class=\"wp-block-paragraph\">zveme V\u00e1s na tradi\u010dn\u00ed ji\u017e v\u00a0porad\u00ed XVIII. Pediatrick\u00fd kongres v\u00a0Hradci Kr\u00e1lov\u00e9.<\/p>\n\n\n\n<p class=\"wp-block-paragraph\">Term\u00edn kon\u00e1n\u00ed: 19. &#8211; 21. z\u00e1\u0159\u00ed 2024 <\/p>\n\n\n\n<p class=\"wp-block-paragraph\">M\u00edsto kon\u00e1n\u00ed: Kongresov\u00e9 centrum Aldis Hradec Kr\u00e1lov\u00e9<\/p>\n\n\n\n<p class=\"wp-block-paragraph\">Dal\u0161\u00ed informace:\u00a0<a href=\"https:\/\/pediatrie2024.bpp.cz\/cs\/\">https:\/\/pediatrie2024.bpp.cz\/cs\/<\/a><\/p>\n","protected":false},"excerpt":{"rendered":"<p>Va\u017een\u00e9 kolegyn\u011b, kolegov\u00e9, zveme V\u00e1s na tradi\u010dn\u00ed ji\u017e v\u00a0porad\u00ed XVIII. Pediatrick\u00fd kongres v\u00a0Hradci Kr\u00e1lov\u00e9. Term\u00edn kon\u00e1n\u00ed: 19. &#8211; [&hellip;]<\/p>\n","protected":false},"author":4,"featured_media":5141,"comment_status":"closed","ping_status":"closed","sticky":false,"template":"","format":"standard","meta":{"_acf_changed":false,"kia_subtitle":""},"categories":[1],"tags":[],"class_list":["post-5165","post","type-post","status-publish","has-post-thumbnail","hentry","category-nezarazene"],"acf":[],"lang":"cs","translations":{"cs":5165},"pll_sync_post":[],"_links":{"self":[{"href":"https:\/\/www.pediatrics.cz\/api\/wp\/v2\/posts\/5165","targetHints":{"allow":["GET"]}}],"collection":[{"href":"https:\/\/www.pediatrics.cz\/api\/wp\/v2\/posts"}],"about":[{"href":"https:\/\/www.pediatrics.cz\/api\/wp\/v2\/types\/post"}],"author":[{"embeddable":true,"href":"https:\/\/www.pediatrics.cz\/api\/wp\/v2\/users\/4"}],"replies":[{"embeddable":true,"href":"https:\/\/www.pediatrics.cz\/api\/wp\/v2\/comments?post=5165"}],"version-history":[{"count":0,"href":"https:\/\/www.pediatrics.cz\/api\/wp\/v2\/posts\/5165\/revisions"}],"wp:featuredmedia":[{"embeddable":true,"href":"https:\/\/www.pediatrics.cz\/api\/wp\/v2\/media\/5141"}],"wp:attachment":[{"href":"https:\/\/www.pediatrics.cz\/api\/wp\/v2\/media?parent=5165"}],"wp:term":[{"taxonomy":"category","embeddable":true,"href":"https:\/\/www.pediatrics.cz\/api\/wp\/v2\/categories?post=5165"},{"taxonomy":"post_tag","embeddable":true,"href":"https:\/\/www.pediatrics.cz\/api\/wp\/v2\/tags?post=5165"}],"curies":[{"name":"wp","href":"https:\/\/api.w.org\/{rel}","templated":true}]}}