{"id":5394,"date":"2024-05-14T11:32:22","date_gmt":"2024-05-14T09:32:22","guid":{"rendered":"https:\/\/www.pediatrics.cz\/?p=5394"},"modified":"2024-05-14T11:35:43","modified_gmt":"2024-05-14T09:35:43","slug":"dotacni-program-na-podporu-praktickeho-lekarstvi-pro-deti-a-dorost-na-uzemi-mesta-prerova-v-roce-2024","status":"publish","type":"post","link":"https:\/\/www.pediatrics.cz\/dotacni-program-na-podporu-praktickeho-lekarstvi-pro-deti-a-dorost-na-uzemi-mesta-prerova-v-roce-2024\/","title":{"rendered":"Dota\u010dn\u00ed program na podporu praktick\u00e9ho l\u00e9ka\u0159stv\u00ed pro d\u011bti a&nbsp;dorost na \u00fazem\u00ed m\u011bsta P\u0159erova v&nbsp;roce 2024"},"content":{"rendered":"\n<p class=\"wp-block-paragraph\">Zastupitelstvo m\u011bsta P\u0159erova na sv\u00e9m 11. zased\u00e1n\u00ed dne 15. dubna 2024 vyhl\u00e1silo Dota\u010dn\u00ed program na podporu praktick\u00e9ho l\u00e9ka\u0159stv\u00ed pro d\u011bti a dorost na \u00fazem\u00ed m\u011bsta P\u0159erova v roce 2024, jeho\u017e smyslem je finan\u010dn\u011b podpo\u0159it l\u00e9ka\u0159e p\u0159i z\u0159izov\u00e1n\u00ed nov\u00e9 l\u00e9ka\u0159sk\u00e9 praxe \u2013 odbornost praktick\u00e9 l\u00e9ka\u0159stv\u00ed pro d\u011bti a dorost, na \u00fazem\u00ed statut\u00e1rn\u00edho m\u011bsta P\u0159erova, nebo p\u0159i p\u0159evzet\u00ed st\u00e1vaj\u00edc\u00ed praxe s odbornost\u00ed praktick\u00e9 l\u00e9ka\u0159stv\u00ed pro d\u011bti a dorost nov\u00fdm l\u00e9ka\u0159em.<\/p>\n\n\n\n<p class=\"wp-block-paragraph\">Dotace bude poskytnuta v\u00fdlu\u010dn\u011b jednomu ze \u017eadatel\u016f,&nbsp;a to v maxim\u00e1ln\u00ed v\u00fd\u0161i <strong>600 000 K\u010d<\/strong>.<\/p>\n\n\n\n<p class=\"wp-block-paragraph\">Term\u00edn pro pod\u00e1n\u00ed \u017e\u00e1dosti je stanoven&nbsp;od <strong>16. 5. 2024 do 20. 9. 2024.<\/strong>&nbsp;<br>V\u00edce informac\u00ed naleznete <a href=\"https:\/\/www.prerov.eu\/cs\/magistrat\/dotacni-programy\/dotacni-programy-statutarniho-mesta-prerova\/dotace-na-podporu-praktickeho-lekarstvi-pro-deti-a-dorost-v-prerove.html\" target=\"_blank\" rel=\"noreferrer noopener\">zde<\/a>. <\/p>\n","protected":false},"excerpt":{"rendered":"<p>Zastupitelstvo m\u011bsta P\u0159erova na sv\u00e9m 11. zased\u00e1n\u00ed dne 15. dubna 2024 vyhl\u00e1silo Dota\u010dn\u00ed program na podporu praktick\u00e9ho l\u00e9ka\u0159stv\u00ed [&hellip;]<\/p>\n","protected":false},"author":4,"featured_media":0,"comment_status":"closed","ping_status":"closed","sticky":false,"template":"","format":"standard","meta":{"_acf_changed":false,"kia_subtitle":""},"categories":[5],"tags":[],"class_list":["post-5394","post","type-post","status-publish","hentry","category-legislativa"],"acf":[],"lang":"cs","translations":{"cs":5394},"pll_sync_post":[],"_links":{"self":[{"href":"https:\/\/www.pediatrics.cz\/api\/wp\/v2\/posts\/5394","targetHints":{"allow":["GET"]}}],"collection":[{"href":"https:\/\/www.pediatrics.cz\/api\/wp\/v2\/posts"}],"about":[{"href":"https:\/\/www.pediatrics.cz\/api\/wp\/v2\/types\/post"}],"author":[{"embeddable":true,"href":"https:\/\/www.pediatrics.cz\/api\/wp\/v2\/users\/4"}],"replies":[{"embeddable":true,"href":"https:\/\/www.pediatrics.cz\/api\/wp\/v2\/comments?post=5394"}],"version-history":[{"count":0,"href":"https:\/\/www.pediatrics.cz\/api\/wp\/v2\/posts\/5394\/revisions"}],"wp:attachment":[{"href":"https:\/\/www.pediatrics.cz\/api\/wp\/v2\/media?parent=5394"}],"wp:term":[{"taxonomy":"category","embeddable":true,"href":"https:\/\/www.pediatrics.cz\/api\/wp\/v2\/categories?post=5394"},{"taxonomy":"post_tag","embeddable":true,"href":"https:\/\/www.pediatrics.cz\/api\/wp\/v2\/tags?post=5394"}],"curies":[{"name":"wp","href":"https:\/\/api.w.org\/{rel}","templated":true}]}}