{"id":5465,"date":"2024-06-08T16:45:57","date_gmt":"2024-06-08T14:45:57","guid":{"rendered":"https:\/\/www.pediatrics.cz\/?p=5465"},"modified":"2024-06-08T16:46:02","modified_gmt":"2024-06-08T14:46:02","slug":"studie-o-paliativni-analgosedaci-u-deti","status":"publish","type":"post","link":"https:\/\/www.pediatrics.cz\/studie-o-paliativni-analgosedaci-u-deti\/","title":{"rendered":"Studie o&nbsp;paliativn\u00ed analgosedaci u&nbsp;d\u011bt\u00ed"},"content":{"rendered":"\n<p class=\"wp-block-paragraph\">V\u00e1\u017een\u00fd\/\u00e1 kolego\/yn\u011b,<\/p>\n\n\n\n<p class=\"wp-block-paragraph\">Zveme V\u00e1s k \u00fa\u010dasti na studii o paliativn\u00ed analgosedaci u d\u011bt\u00ed. Pros\u00edme, abyste si tento informa\u010dn\u00ed dopis d\u016fkladn\u011b p\u0159e\u010detl\/a. V p\u0159\u00edpad\u011b, \u017ee V\u00e1m bude n\u011bco nejasn\u00e9 nebo budete pot\u0159ebovat dodate\u010dn\u00e9 informace, n\u00e1s pros\u00edm kontaktujte.<\/p>\n\n\n\n<ol class=\"block-list\" type=\"1\"><li><strong>POPIS A \u00da\u010cEL STUDIE<\/strong><strong><\/strong><\/li><\/ol>\n\n\n\n<p class=\"wp-block-paragraph\">\u010cesk\u00e1 republika se spolu s Velkou Brit\u00e1ni\u00ed, Portugalskem, Nizozemskem, Norskem, It\u00e1li\u00ed, Belgi\u00ed a \u0160v\u00fdcarskem \u00fa\u010dastn\u00ed mezin\u00e1rodn\u00ed studie o paliativn\u00ed analgosedaci u d\u011bt\u00ed, na n\u00ed\u017e spolupracuj\u00ed hlavn\u00ed \u0159e\u0161itel\u00e9 z&nbsp;fakultn\u00ed nemocnice v Gentu a Gentsk\u00e9 univerzity ve spolupr\u00e1ci s v\u00fdzkumnou skupinou End-of-Life Care Research Group v&nbsp;Belgii.<\/p>\n\n\n\n<p class=\"wp-block-paragraph\">V \u010cesk\u00e9 republice&nbsp;projekt prob\u00edh\u00e1&nbsp;pod veden\u00edm Sekce d\u011btsk\u00e9 paliativn\u00ed p\u00e9\u010de \u010cSPM \u010cLS JEP za pomoci odborn\u00fdch konzultac\u00ed Mgr. Krist\u00fdny Pol\u00e1kov\u00e9 z Institutu Pallium.<\/p>\n\n\n\n<p class=\"wp-block-paragraph\">\u00da\u010delem t\u00e9to studie je z\u00edskat vhled do n\u00e1zor\u016f a postup\u016f zdravotnick\u00fdch pracovn\u00edk\u016f v pediatrii ohledn\u011b pediatrick\u00e9 paliativn\u00ed analgosedace. Na\u0161\u00edm c\u00edlem je prozkoumat u l\u00e9ka\u0159\u016f zodpov\u011bdn\u00fdch za p\u00e9\u010di o v\u00e1\u017en\u011b nemocn\u00e9 a termin\u00e1ln\u011b nemocn\u00e9 d\u011bti ve v\u011bku mezi 0 a 18 lety postoje a postupy t\u00fdkaj\u00edc\u00ed se pediatrick\u00e9 paliativn\u00ed analgosedace a pomoc\u00ed uk\u00e1zkov\u00fdch kazuistik se zab\u00fdvat podm\u00ednkami, za nich\u017e by l\u00e9ka\u0159i zah\u00e1jili paliativn\u00ed analgosedaci, a tak\u00e9 zkoumat mezin\u00e1rodn\u00ed rozd\u00edly mezi postoji, postupy a c\u00edli, pokud jde o zah\u00e1jen\u00ed pediatrick\u00e9 paliativn\u00ed analgosedace.<\/p>\n\n\n\n<p class=\"wp-block-paragraph\">Pros\u00edme V\u00e1s, abyste si laskav\u011b vyhradil\/a \u010das na vypln\u011bn\u00ed online dotazn\u00edku, tedy p\u0159ibli\u017en\u011b 20 minut. C\u00edlov\u00fdmi \u00fa\u010dastn\u00edky jsou l\u00e9ka\u0159i se zku\u0161enostmi s p\u00e9\u010d\u00ed o termin\u00e1ln\u011b nemocn\u00e9 d\u011bti, tj. pediat\u0159i, neonatologov\u00e9, praktici a l\u00e9ka\u0159i s dal\u0161\u00edmi specializacemi.<\/p>\n\n\n\n<p class=\"wp-block-paragraph\">Dotazn\u00edk z anglick\u00e9ho jazyka byl p\u0159elo\u017een pomoc\u00ed metody zp\u011btn\u00e9ho p\u0159ekladu, zrevidov\u00e1n odborn\u00edky na d\u011btskou paliativn\u00ed p\u00e9\u010di a n\u00e1sledn\u011b pilotov\u00e1n.<\/p>\n\n\n\n<p class=\"wp-block-paragraph\">Dotazn\u00edk: &nbsp;<a href=\"https:\/\/kwaliteitvanzorg.limequery.com\/392864?lang=cs\">https:\/\/kwaliteitvanzorg.limequery.com\/392864?lang=cs<\/a><\/p>\n\n\n\n<p class=\"wp-block-paragraph\">Pokud se nechcete z\u00fa\u010dastnit, pou\u017eijte tento odkaz: <a href=\"https:\/\/kwaliteitvanzorg.limequery.com\/334622?lang=cs\">https:\/\/kwaliteitvanzorg.limequery.com\/334622?lang=cs<\/a><\/p>\n\n\n\n<ul class=\"block-list\"><li><strong>INFORMOVAN\u00dd SOUHLAS A SOUHLAS ETICK\u00c9 KOMISE<\/strong><strong><\/strong><\/li><\/ul>\n\n\n\n<p class=\"wp-block-paragraph\">\u00da\u010dast ve studii je zcela dobrovoln\u00e1. \u00da\u010dastn\u00edci mohou vypl\u0148ov\u00e1n\u00ed dotazn\u00edku kdykoli ukon\u010dit. Informovan\u00fd souhlas s \u00fa\u010dast\u00ed ve studii bude poskytnut automaticky \u00fapln\u00fdm vypln\u011bn\u00edm dotazn\u00edku, kter\u00e9 je dobrovoln\u00e9. Pokud se studie nechcete \u00fa\u010dastnit, nemus\u00edte d\u011blat nic. Kdykoli m\u016f\u017eete svou \u00fa\u010dast ukon\u010dit a sv\u00e9 odpov\u011bdi st\u00e1hnout. Pokud si nep\u0159ejete, nebo si u\u017e d\u00e1le nep\u0159ejete se \u00fa\u010dastnit, nevypl\u00fdvaj\u00ed z&nbsp;toho \u017e\u00e1dn\u00e9 d\u016fsledky.<\/p>\n\n\n\n<p class=\"wp-block-paragraph\">Tato studie byla schv\u00e1lena nez\u00e1vislou l\u00e9ka\u0159skou etickou komis\u00ed p\u0159i Fakultn\u00ed nemocnici v&nbsp;Gentu a Univerzit\u011b v Gentu.<\/p>\n\n\n\n<p class=\"wp-block-paragraph\">Pokud souhlas\u00edte se svou \u00fa\u010dast\u00ed v&nbsp;t\u00e9to studii, budou va\u0161e osobn\u00ed \u00fadaje ve studii anonymizov\u00e1ny (to znamen\u00e1, \u017ee ji\u017e nebude existovat \u017e\u00e1dn\u00e9 prov\u00e1z\u00e1n\u00ed k&nbsp;va\u0161emu osobn\u00edmu souboru). Pro anal\u00fdzu dat a ve ve\u0161ker\u00e9 dokumentaci, zpr\u00e1v\u00e1ch \u010di publikac\u00edch (v l\u00e9ka\u0159sk\u00fdch \u010dasopisech nebo na konferenc\u00edch) t\u00fdkaj\u00edc\u00edch se studie budou pou\u017eity pouze tyto anonymizovan\u00e9 \u00fadaje. Pokud budou v\u00fdsledky studie publikov\u00e1ny, va\u0161e toto\u017enost z\u016fstane d\u016fv\u011brn\u00e1. Osobn\u00ed \u00fadaje budou zpracov\u00e1v\u00e1ny a ulo\u017eeny po dobu nejm\u00e9n\u011b 20 let. Spr\u00e1vcem procesu sb\u011bru a anal\u00fdzy dat je Univerzita v Gentu, pod n\u00ed\u017e pracuje vedouc\u00ed v\u00fdzkumn\u00edk studie, Laure Dombrecht MD.<\/p>\n\n\n\n<p class=\"wp-block-paragraph\">S ohledem na ochranu osobn\u00edch \u00fadaj\u016f budou \u00fadaje zpracov\u00e1vat \u010dlenov\u00e9 v\u00fdzkumn\u00e9ho t\u00fdmu ur\u010den\u00ed vedouc\u00edm v\u00fdzkumn\u00edkem a na jeho odpov\u011bdnost, v\u010detn\u011b vlastn\u00edch pracovn\u00edk\u016f nezdravotnick\u00fdch profes\u00ed.<\/p>\n\n\n\n<p class=\"wp-block-paragraph\">Pokud si p\u0159ejete, pov\u011b\u0159enec pro ochranu osobn\u00edch \u00fadaj\u016f v\u00e1m poskytne v\u00edce informac\u00ed o ochran\u011b va\u0161ich osobn\u00edch \u00fadaj\u016f. Kontaktn\u00ed informace: Mgr. Krist\u00fdna Pol\u00e1kov\u00e1, polakova@pallium.cz<\/p>\n\n\n\n<p class=\"wp-block-paragraph\">Org\u00e1n zodpov\u011bdn\u00fd za prosazov\u00e1n\u00ed legislativy t\u00fdkaj\u00edc\u00ed se ochrany osobn\u00edch \u00fadaj\u016f je mo\u017en\u00e9 kontaktovat na n\u00e1sleduj\u00edc\u00ed adrese:<\/p>\n\n\n\n<p class=\"wp-block-paragraph\">\u010cesk\u00e1 spole\u010dnost paliativn\u00ed medic\u00edny \u010cLS JEP<\/p>\n\n\n\n<p class=\"wp-block-paragraph\">Sekce d\u011btsk\u00e9 paliativn\u00ed p\u00e9\u010de<\/p>\n\n\n\n<p class=\"wp-block-paragraph\"><a href=\"mailto:detska@paliativnimedicina.cz\" target=\"_blank\" rel=\"noreferrer noopener\">detska@paliativnimedicina.cz<\/a><\/p>\n\n\n\n<ul class=\"block-list\"><li><strong>ANAL\u00ddZA DAT<\/strong><strong><\/strong><\/li><\/ul>\n\n\n\n<p class=\"wp-block-paragraph\">Data budou zpracov\u00e1v\u00e1na anonymn\u011b a v\u00fdsledky budou uv\u00e1d\u011bny anonymn\u011b v souladu s ustanoven\u00edmi z\u00e1kona o ochran\u011b osobn\u00edch \u00fadaj\u016f. Deskriptivn\u00ed anal\u00fdzy budou provedeny prost\u0159ednictv\u00edm <em>statistiky SPSS<\/em>.<\/p>\n\n\n\n<ul class=\"block-list\"><li><strong>KONTAKT<\/strong><strong><\/strong><\/li><\/ul>\n\n\n\n<p class=\"wp-block-paragraph\">Pokud byste si k&nbsp;t\u00e9to studii p\u0159\u00e1l\/a z\u00edskat v\u00edc informac\u00ed, m\u016f\u017eete se v&nbsp;pr\u016fb\u011bhu studie kdykoli obr\u00e1tit na tyto pov\u011b\u0159en\u00e9 osoby:<\/p>\n\n\n\n<p class=\"wp-block-paragraph\">Mgr. Jitka Kos\u00edkov\u00e1, <a href=\"mailto:kosikovajitka@seznam.cz\">kosikovajitka@seznam.cz<\/a><\/p>\n\n\n\n<p class=\"wp-block-paragraph\">Mgr. Krist\u00fdna Pol\u00e1kov\u00e1, polakova@pallium.cz<\/p>\n\n\n\n<p class=\"wp-block-paragraph\">Srde\u010dn\u011b V\u00e1m d\u011bkujeme za spolupr\u00e1ci.<\/p>\n\n\n\n<p class=\"wp-block-paragraph\">S&nbsp;\u00factou,<\/p>\n\n\n\n<p class=\"wp-block-paragraph\">MUDr. Ond\u0159ej Kopeck\u00fd, MHA<\/p>\n\n\n\n<p class=\"wp-block-paragraph\">P\u0159edseda \u010cSPM \u010cLS JEP<\/p>\n","protected":false},"excerpt":{"rendered":"<p>V\u00e1\u017een\u00fd\/\u00e1 kolego\/yn\u011b, Zveme V\u00e1s k \u00fa\u010dasti na studii o paliativn\u00ed analgosedaci u d\u011bt\u00ed. Pros\u00edme, abyste si tento informa\u010dn\u00ed [&hellip;]<\/p>\n","protected":false},"author":4,"featured_media":4831,"comment_status":"closed","ping_status":"closed","sticky":false,"template":"","format":"standard","meta":{"_acf_changed":false,"kia_subtitle":""},"categories":[1],"tags":[],"class_list":["post-5465","post","type-post","status-publish","has-post-thumbnail","hentry","category-nezarazene"],"acf":[],"lang":"cs","translations":{"cs":5465},"pll_sync_post":[],"_links":{"self":[{"href":"https:\/\/www.pediatrics.cz\/api\/wp\/v2\/posts\/5465","targetHints":{"allow":["GET"]}}],"collection":[{"href":"https:\/\/www.pediatrics.cz\/api\/wp\/v2\/posts"}],"about":[{"href":"https:\/\/www.pediatrics.cz\/api\/wp\/v2\/types\/post"}],"author":[{"embeddable":true,"href":"https:\/\/www.pediatrics.cz\/api\/wp\/v2\/users\/4"}],"replies":[{"embeddable":true,"href":"https:\/\/www.pediatrics.cz\/api\/wp\/v2\/comments?post=5465"}],"version-history":[{"count":0,"href":"https:\/\/www.pediatrics.cz\/api\/wp\/v2\/posts\/5465\/revisions"}],"wp:featuredmedia":[{"embeddable":true,"href":"https:\/\/www.pediatrics.cz\/api\/wp\/v2\/media\/4831"}],"wp:attachment":[{"href":"https:\/\/www.pediatrics.cz\/api\/wp\/v2\/media?parent=5465"}],"wp:term":[{"taxonomy":"category","embeddable":true,"href":"https:\/\/www.pediatrics.cz\/api\/wp\/v2\/categories?post=5465"},{"taxonomy":"post_tag","embeddable":true,"href":"https:\/\/www.pediatrics.cz\/api\/wp\/v2\/tags?post=5465"}],"curies":[{"name":"wp","href":"https:\/\/api.w.org\/{rel}","templated":true}]}}