{"id":5475,"date":"2024-06-12T15:08:51","date_gmt":"2024-06-12T13:08:51","guid":{"rendered":"https:\/\/www.pediatrics.cz\/?p=5475"},"modified":"2024-06-12T15:08:56","modified_gmt":"2024-06-12T13:08:56","slug":"uprava-vzdelavaciho-programu-pediatrie","status":"publish","type":"post","link":"https:\/\/www.pediatrics.cz\/uprava-vzdelavaciho-programu-pediatrie\/","title":{"rendered":"\u00daprava vzd\u011bl\u00e1vac\u00edho programu pediatrie"},"content":{"rendered":"\n<p class=\"wp-block-paragraph\">V\u00e1\u017een\u00ed kolegov\u00e9,<\/p>\n\n\n\n<p class=\"wp-block-paragraph\">dovolujeme si V\u00e1s upozornit na nov\u011b zve\u0159ejn\u011bnou <strong>\u00fapravu&nbsp;vzd\u011bl\u00e1vac\u00edho programu oboru pediatrie<\/strong>, kterou si prosadili z\u00e1stupci praktick\u00fdch l\u00e9ka\u0159\u016f pro d\u011bti a dorost p\u0159es nesouhlas \u010cPS, akredita\u010dn\u00ed komise MZ i vzd\u011bl\u00e1vac\u00ed rady MZ. Od slou\u010den\u00ed pediatrick\u00e9ho vzd\u011bl\u00e1v\u00e1n\u00ed m\u00e1me tedy ji\u017e 3. paraleln\u011b platnou verzi vzd\u011bl\u00e1vac\u00edho programu.<\/p>\n\n\n\n<p class=\"wp-block-paragraph\">Aktualizovan\u00fd vzd\u011bl\u00e1vac\u00ed program je k dispozici na n\u00e1sleduj\u00edc\u00edm odkazu:&nbsp;<a href=\"https:\/\/mzd.gov.cz\/wp-content\/uploads\/2024\/05\/Vestnik-MZ-07-2024.pdf\" target=\"_blank\" rel=\"noreferrer noopener\">https:\/\/mzd.gov.cz\/wp-content\/uploads\/2024\/05\/Vestnik-MZ-07-2024.pdf<\/a><\/p>\n\n\n\n<p class=\"wp-block-paragraph\">N\u00ed\u017ee uv\u00e1d\u00edm shrnut\u00ed z\u00e1kladn\u00edch zm\u011bn &#8211; v\u0161e se t\u00fdk\u00e1 pouze vlastn\u00edho specializovan\u00e9ho v\u00fdcviku:<\/p>\n\n\n\n<p class=\"wp-block-paragraph\">1) Nov\u011b je p\u0159id\u00e1na mo\u017enost dal\u0161\u00edch 10 variabiln\u00edch m\u011bs\u00edc\u016f, kter\u00e9 m\u016f\u017ee \u0161kolenec str\u00e1vit v ambulanci PLDD. Celkem je tedy mo\u017eno <strong>voliteln\u011b str\u00e1vit v ambulanci PLDD cel\u00fdch 24 m\u011bs\u00edc\u016f<\/strong> specializovan\u00e9ho v\u00fdcviku&nbsp;+ povinn\u011b 3 m\u011bs\u00edce ve kmeni. Toto je v evropsk\u00e9m i sv\u011btov\u00e9m kontextu bezprecedentn\u011b dlouh\u00e9 obdob\u00ed, kter\u00e9 ohro\u017euje z\u00edsk\u00e1n\u00ed nutn\u00fdch teoretick\u00fdch znalost\u00ed i praktick\u00fdch dovednost\u00ed u pediatrick\u00e9ho l\u016f\u017eka.<\/p>\n\n\n\n<p class=\"wp-block-paragraph\">2) <strong>Absence nutnosti prakticky se vzd\u011bl\u00e1vat u l\u016f\u017eka<\/strong> je podtr\u017eena \u00fapravou v \u010d\u00e1sti &#8222;praktick\u00e9 dovednosti&#8220;, kde je patrn\u00e9, \u017ee u l\u00e9ka\u0159e, kter\u00fd st\u00e1\u017euje&nbsp;pouze v ordinaci PLDD, se nepo\u010d\u00edt\u00e1 s t\u00edm, \u017ee by m\u011bl um\u011bt zav\u00e9st zav\u00e9st perifern\u00ed \u017eiln\u00ed katetr, pl\u00e1novat rozpis infus\u00ed, podat transfusi, vyc\u00e9vkovat pacienta, zav\u00e9st \u017ealude\u010dn\u00ed sondu, zhodnotit RTG sn\u00edmek nemocn\u00e9ho d\u00edt\u011bte apod. Nav\u00edc nen\u00ed vy\u017eadov\u00e1na ani znalost postup\u016f p\u0159i neodkladn\u00e9 resuscitaci. Povinnost slou\u017eit no\u010dn\u00ed a v\u00edkendov\u00e9 slu\u017eby ja zachov\u00e1na jen pro l\u00e9ka\u0159e st\u00e1\u017euj\u00edc\u00ed na l\u016f\u017ekov\u00fdch odd\u011blen\u00edch, \u010d\u00edm\u017e d\u00e1v\u00e1me budouc\u00edm pediatr\u016fm symbolicky najevo, \u017ee existuj\u00ed 2 kategorie l\u00e9ka\u0159\u016f. Jedna, kter\u00e1 se o d\u011btsk\u00e9 pacienty star\u00e1 nep\u0159etr\u017eit\u011b, druh\u00e1 &#8211; privilegovan\u00e1 jen po omezenou dobu ve v\u0161edn\u00ed den.<\/p>\n\n\n\n<p class=\"wp-block-paragraph\">3) Pozitivn\u00ed zpr\u00e1vou je, \u017ee <strong>st\u00e1\u017e v odborn\u00fdch ambulanc\u00edch <\/strong>(dermatologie, ORL apod.) ji\u017e lze absolvovat p\u0159\u00edmo z l\u016f\u017ekov\u00e9ho odd\u011blen\u00ed a nen\u00ed ji\u017e nutn\u00e9 zbyte\u010dn\u011b zat\u011b\u017eovat region\u00e1ln\u00ed ambulance PLDD zprost\u0159edkov\u00e1n\u00edm t\u00e9to st\u00e1\u017ee. Tak\u00e9 v\u0161echny povinn\u00e9 <strong>kurzy bude mo\u017eno absolvovat i v re\u017eimu online<\/strong>.<\/p>\n\n\n\n<p class=\"wp-block-paragraph\">Jm\u00e9nem v\u00fdboru \u010cPS bych se r\u00e1d omluvil v\u0161em \u0161kolitel\u016fm i \u0161kolenc\u016fm v p\u0159edatesta\u010dn\u00ed p\u0159\u00edprav\u011b, \u017ee se n\u00e1m nepoda\u0159ilo i p\u0159es ve\u0161kerou snahu zaveden\u00ed t\u011bchto zm\u011bn zabr\u00e1nit.<\/p>\n\n\n\n<p class=\"wp-block-paragraph\">Ji\u0159\u00ed Bronsk\u00fd<\/p>\n","protected":false},"excerpt":{"rendered":"<p>V\u00e1\u017een\u00ed kolegov\u00e9, dovolujeme si V\u00e1s upozornit na nov\u011b zve\u0159ejn\u011bnou \u00fapravu&nbsp;vzd\u011bl\u00e1vac\u00edho programu oboru pediatrie, kterou si prosadili z\u00e1stupci praktick\u00fdch [&hellip;]<\/p>\n","protected":false},"author":4,"featured_media":3374,"comment_status":"closed","ping_status":"closed","sticky":false,"template":"","format":"standard","meta":{"_acf_changed":false,"kia_subtitle":""},"categories":[1],"tags":[],"class_list":["post-5475","post","type-post","status-publish","has-post-thumbnail","hentry","category-nezarazene"],"acf":[],"lang":"cs","translations":{"cs":5475},"pll_sync_post":[],"_links":{"self":[{"href":"https:\/\/www.pediatrics.cz\/api\/wp\/v2\/posts\/5475","targetHints":{"allow":["GET"]}}],"collection":[{"href":"https:\/\/www.pediatrics.cz\/api\/wp\/v2\/posts"}],"about":[{"href":"https:\/\/www.pediatrics.cz\/api\/wp\/v2\/types\/post"}],"author":[{"embeddable":true,"href":"https:\/\/www.pediatrics.cz\/api\/wp\/v2\/users\/4"}],"replies":[{"embeddable":true,"href":"https:\/\/www.pediatrics.cz\/api\/wp\/v2\/comments?post=5475"}],"version-history":[{"count":0,"href":"https:\/\/www.pediatrics.cz\/api\/wp\/v2\/posts\/5475\/revisions"}],"wp:featuredmedia":[{"embeddable":true,"href":"https:\/\/www.pediatrics.cz\/api\/wp\/v2\/media\/3374"}],"wp:attachment":[{"href":"https:\/\/www.pediatrics.cz\/api\/wp\/v2\/media?parent=5475"}],"wp:term":[{"taxonomy":"category","embeddable":true,"href":"https:\/\/www.pediatrics.cz\/api\/wp\/v2\/categories?post=5475"},{"taxonomy":"post_tag","embeddable":true,"href":"https:\/\/www.pediatrics.cz\/api\/wp\/v2\/tags?post=5475"}],"curies":[{"name":"wp","href":"https:\/\/api.w.org\/{rel}","templated":true}]}}