{"id":5480,"date":"2024-06-21T17:04:24","date_gmt":"2024-06-21T15:04:24","guid":{"rendered":"https:\/\/www.pediatrics.cz\/?p=5480"},"modified":"2024-06-21T17:04:29","modified_gmt":"2024-06-21T15:04:29","slug":"dotaznik-k-osvetove-kampani-pro-vady-patere","status":"publish","type":"post","link":"https:\/\/www.pediatrics.cz\/dotaznik-k-osvetove-kampani-pro-vady-patere\/","title":{"rendered":"Dotazn\u00edk k&nbsp;osv\u011btov\u00e9 kampani pro vady p\u00e1te\u0159e"},"content":{"rendered":"\n<p class=\"wp-block-paragraph\">Mil\u00ed pediat\u0159i,<\/p>\n\n\n\n<p class=\"wp-block-paragraph\">kone\u010dn\u011b se oz\u00fdv\u00e1m s prosbou o distribuci dotazn\u00edku mezi d\u011btsk\u00e9 l\u00e9ka\u0159e, kter\u00fd m\u00e1 ov\u011b\u0159it \u00fa\u010dinnost osv\u011btov\u00e9 kampan\u011b pro Scheuermannovu kyf\u00f3zu a idiopatickou skoli\u00f3zu. Odkaz na dotazn\u00edk je <a rel=\"noreferrer noopener\" href=\"https:\/\/forms.gle\/rdqezyWD3KsFWUHY8\" target=\"_blank\">zde<\/a>. Zabere asi 10 minut, ale n\u00e1m, a p\u0159edev\u0161\u00edm pacient\u016fm, velmi pom\u016f\u017ee, abychom v\u011bd\u011bli, zda na\u0161e pr\u00e1ce nen\u00ed zbyte\u010dn\u00e1. Uz\u00e1v\u011brka odpov\u011bd\u00ed je do <strong>15. \u010dervence<\/strong>.<\/p>\n\n\n\n<p class=\"wp-block-paragraph\">D\u011bkuji za spolupr\u00e1ci a p\u0159eji p\u011bkn\u00fd den!<\/p>\n\n\n\n<p class=\"wp-block-paragraph\">Bc. Tade\u00e1\u0161 \u0158\u00e1ha<br>Scheuermann&#8217;s Disease Fund<br><a href=\"https:\/\/scheuermannova-choroba.cz\">scheuermannova-choroba.cz<\/a><\/p>\n","protected":false},"excerpt":{"rendered":"<p>Mil\u00ed pediat\u0159i, kone\u010dn\u011b se oz\u00fdv\u00e1m s prosbou o distribuci dotazn\u00edku mezi d\u011btsk\u00e9 l\u00e9ka\u0159e, kter\u00fd m\u00e1 ov\u011b\u0159it \u00fa\u010dinnost osv\u011btov\u00e9 [&hellip;]<\/p>\n","protected":false},"author":4,"featured_media":4831,"comment_status":"closed","ping_status":"closed","sticky":false,"template":"","format":"standard","meta":{"_acf_changed":false,"kia_subtitle":""},"categories":[1],"tags":[],"class_list":["post-5480","post","type-post","status-publish","has-post-thumbnail","hentry","category-nezarazene"],"acf":[],"lang":"cs","translations":{"cs":5480},"pll_sync_post":[],"_links":{"self":[{"href":"https:\/\/www.pediatrics.cz\/api\/wp\/v2\/posts\/5480","targetHints":{"allow":["GET"]}}],"collection":[{"href":"https:\/\/www.pediatrics.cz\/api\/wp\/v2\/posts"}],"about":[{"href":"https:\/\/www.pediatrics.cz\/api\/wp\/v2\/types\/post"}],"author":[{"embeddable":true,"href":"https:\/\/www.pediatrics.cz\/api\/wp\/v2\/users\/4"}],"replies":[{"embeddable":true,"href":"https:\/\/www.pediatrics.cz\/api\/wp\/v2\/comments?post=5480"}],"version-history":[{"count":0,"href":"https:\/\/www.pediatrics.cz\/api\/wp\/v2\/posts\/5480\/revisions"}],"wp:featuredmedia":[{"embeddable":true,"href":"https:\/\/www.pediatrics.cz\/api\/wp\/v2\/media\/4831"}],"wp:attachment":[{"href":"https:\/\/www.pediatrics.cz\/api\/wp\/v2\/media?parent=5480"}],"wp:term":[{"taxonomy":"category","embeddable":true,"href":"https:\/\/www.pediatrics.cz\/api\/wp\/v2\/categories?post=5480"},{"taxonomy":"post_tag","embeddable":true,"href":"https:\/\/www.pediatrics.cz\/api\/wp\/v2\/tags?post=5480"}],"curies":[{"name":"wp","href":"https:\/\/api.w.org\/{rel}","templated":true}]}}