{"id":5526,"date":"2024-08-05T17:12:08","date_gmt":"2024-08-05T15:12:08","guid":{"rendered":"https:\/\/www.pediatrics.cz\/?p=5526"},"modified":"2024-08-05T18:03:36","modified_gmt":"2024-08-05T16:03:36","slug":"konference-detska-vyziva-a-obezita-v-teorii-a-praxi-2024","status":"publish","type":"post","link":"https:\/\/www.pediatrics.cz\/konference-detska-vyziva-a-obezita-v-teorii-a-praxi-2024\/","title":{"rendered":"Konference D\u011btsk\u00e1 v\u00fd\u017eiva a&nbsp;obezita v&nbsp;teorii a&nbsp;praxi 2024"},"content":{"rendered":"\n<p class=\"wp-block-paragraph\">V\u00e1\u017een\u00ed odborn\u00ed pracovn\u00edci a z\u00e1jemci o problematiku d\u011btsk\u00e9 obezity a d\u011btsk\u00e9 v\u00fd\u017eivy,&nbsp;<\/p>\n\n\n\n<p class=\"wp-block-paragraph\">obrac\u00edme se na v\u00e1s s v\u00fdzvou k prezentaci v\u00fdsledk\u016f va\u0161\u00ed pr\u00e1ce na konferenci D\u011btsk\u00e1 v\u00fd\u017eiva a obezita. Konferenci po\u0159\u00e1d\u00e1 Spole\u010dnost pro v\u00fd\u017eivu a bude se konat dne <strong>29.11.2024 v Praze<\/strong>. V p\u0159\u00edpad\u011b z\u00e1jmu o aktivn\u00ed \u00fa\u010dast, za\u0161lete pros\u00edm abstrakt sv\u00e9 pr\u00e1ce na <a href=\"mailto:info@vyzivaspol.cz\">info@vyzivaspol.cz<\/a> a kontakt na V\u00e1s nejpozd\u011bji do <strong>13.10.2024<\/strong>.<\/p>\n\n\n\n<p class=\"wp-block-paragraph\">Okruhy konference a p\u0159ihla\u0161ovan\u00fdch p\u0159edn\u00e1\u0161ek:<\/p>\n\n\n\n<ul class=\"block-list\">\n<li>D\u011btsk\u00e1 v\u00fd\u017eiva v prevenci \u010di l\u00e9\u010db\u011b nemoc\u00ed<\/li>\n\n\n\n<li>V\u00fd\u017eiva sportuj\u00edc\u00edch d\u011bt\u00ed<\/li>\n\n\n\n<li>Praktick\u00e9 zku\u0161enosti s prevenc\u00ed \u010di l\u00e9\u010dbou d\u011bt\u00ed s nadv\u00e1hou a obezitou<\/li>\n<\/ul>\n\n\n\n<p class=\"wp-block-paragraph\">\u010casov\u00e1 dotace pro jednu p\u0159edn\u00e1\u0161ku je 20 min.&nbsp;<\/p>\n\n\n\n<p class=\"wp-block-paragraph\">Vzhledem k tomu, \u017ee mno\u017estv\u00ed prezentac\u00ed je omezen\u00e9, posoud\u00ed V\u00e1\u0161 abstrakt organiza\u010dn\u00ed komise, kter\u00e1 rozhodne o p\u0159ijet\u00ed a form\u011b prezentace. Bude-li V\u00e1\u0161 abstrakt p\u0159ijat, m\u016f\u017eete b\u00fdt vyzv\u00e1ni bu\u010f k \u00fastn\u00ed prezentaci, nebo prezentaci formou posteru nebo budete-li souhlasit, prezentaci zve\u0159ejn\u00edme na webov\u00fdch str\u00e1nk\u00e1ch SPV nebo ve form\u011b p\u0159\u00edsp\u011bvku do \u010dasopisu V\u00fd\u017eiva a potraviny.\u00a0<\/p>\n","protected":false},"excerpt":{"rendered":"<p>V\u00e1\u017een\u00ed odborn\u00ed pracovn\u00edci a z\u00e1jemci o problematiku d\u011btsk\u00e9 obezity a d\u011btsk\u00e9 v\u00fd\u017eivy,&nbsp; obrac\u00edme se na v\u00e1s s v\u00fdzvou [&hellip;]<\/p>\n","protected":false},"author":4,"featured_media":4354,"comment_status":"closed","ping_status":"closed","sticky":false,"template":"","format":"standard","meta":{"_acf_changed":false,"kia_subtitle":""},"categories":[1],"tags":[],"class_list":["post-5526","post","type-post","status-publish","has-post-thumbnail","hentry","category-nezarazene"],"acf":[],"lang":"cs","translations":{"cs":5526},"pll_sync_post":[],"_links":{"self":[{"href":"https:\/\/www.pediatrics.cz\/api\/wp\/v2\/posts\/5526","targetHints":{"allow":["GET"]}}],"collection":[{"href":"https:\/\/www.pediatrics.cz\/api\/wp\/v2\/posts"}],"about":[{"href":"https:\/\/www.pediatrics.cz\/api\/wp\/v2\/types\/post"}],"author":[{"embeddable":true,"href":"https:\/\/www.pediatrics.cz\/api\/wp\/v2\/users\/4"}],"replies":[{"embeddable":true,"href":"https:\/\/www.pediatrics.cz\/api\/wp\/v2\/comments?post=5526"}],"version-history":[{"count":0,"href":"https:\/\/www.pediatrics.cz\/api\/wp\/v2\/posts\/5526\/revisions"}],"wp:featuredmedia":[{"embeddable":true,"href":"https:\/\/www.pediatrics.cz\/api\/wp\/v2\/media\/4354"}],"wp:attachment":[{"href":"https:\/\/www.pediatrics.cz\/api\/wp\/v2\/media?parent=5526"}],"wp:term":[{"taxonomy":"category","embeddable":true,"href":"https:\/\/www.pediatrics.cz\/api\/wp\/v2\/categories?post=5526"},{"taxonomy":"post_tag","embeddable":true,"href":"https:\/\/www.pediatrics.cz\/api\/wp\/v2\/tags?post=5526"}],"curies":[{"name":"wp","href":"https:\/\/api.w.org\/{rel}","templated":true}]}}