{"id":5891,"date":"2025-02-10T09:45:15","date_gmt":"2025-02-10T08:45:15","guid":{"rendered":"https:\/\/www.pediatrics.cz\/?p=5891"},"modified":"2025-02-10T09:45:17","modified_gmt":"2025-02-10T08:45:17","slug":"vzacni-spolu-pobyty-pro-rodiny-s-detmi-se-vzacnymi-onemocnenimi","status":"publish","type":"post","link":"https:\/\/www.pediatrics.cz\/vzacni-spolu-pobyty-pro-rodiny-s-detmi-se-vzacnymi-onemocnenimi\/","title":{"rendered":"Vz\u00e1cn\u00ed spolu &#8211; pobyty pro rodiny s&nbsp;d\u011btmi se vz\u00e1cn\u00fdmi onemocn\u011bn\u00edmi"},"content":{"rendered":"\n<p class=\"wp-block-paragraph\">R\u00e1di bychom V\u00e1s pozvali na celkem dva pobyty pro rodiny s d\u011btmi se vz\u00e1cn\u00fdmi onemocn\u011bn\u00edmi, kde dojde k spole\u010dn\u00e9mu setk\u00e1n\u00ed, vz\u00e1jemn\u00e9mu sd\u00edlen\u00ed zku\u0161enost\u00ed a setk\u00e1n\u00ed s odborn\u00edky. Ka\u017ed\u00fd den bude v\u011bnov\u00e1n jednomu t\u00e9matu pod veden\u00edm zku\u0161en\u00e9ho odborn\u00edka se zam\u011b\u0159en\u00edm na vz\u00e1cn\u00e1 onemocn\u011bn\u00ed (psycholog, fyzioterapeut, genetik, speci\u00e1ln\u00ed pedagog), bude \u010das na spole\u010dn\u00e9 diskuze i individu\u00e1ln\u00ed konzultace, vz\u00e1jemn\u00e9 setk\u00e1n\u00ed i odpo\u010dinek. <\/p>\n\n\n\n<p class=\"wp-block-paragraph\">V\u00edce informac\u00ed ohledn\u011b term\u00edn\u016f a registrace naleznete na t\u00e9to <a href=\"https:\/\/www.pediatrics.cz\/content\/uploads\/2025\/02\/001_pozvanka_pobyt_rodiny_cavo_2025.pdf\" target=\"_blank\" rel=\"noreferrer noopener\">pozv\u00e1nce<\/a>. Kapacita je 12 rodin  na pobyt a registrace je mo\u017en\u00e1 nejpozd\u011bji do 31.3.2025.<\/p>\n\n\n\n<p class=\"wp-block-paragraph\"><\/p>\n","protected":false},"excerpt":{"rendered":"<p>R\u00e1di bychom V\u00e1s pozvali na celkem dva pobyty pro rodiny s d\u011btmi se vz\u00e1cn\u00fdmi onemocn\u011bn\u00edmi, kde dojde k [&hellip;]<\/p>\n","protected":false},"author":4,"featured_media":5889,"comment_status":"closed","ping_status":"closed","sticky":false,"template":"","format":"standard","meta":{"_acf_changed":false,"kia_subtitle":""},"categories":[1],"tags":[],"class_list":["post-5891","post","type-post","status-publish","has-post-thumbnail","hentry","category-nezarazene"],"acf":[],"lang":"cs","translations":{"cs":5891},"pll_sync_post":[],"_links":{"self":[{"href":"https:\/\/www.pediatrics.cz\/api\/wp\/v2\/posts\/5891","targetHints":{"allow":["GET"]}}],"collection":[{"href":"https:\/\/www.pediatrics.cz\/api\/wp\/v2\/posts"}],"about":[{"href":"https:\/\/www.pediatrics.cz\/api\/wp\/v2\/types\/post"}],"author":[{"embeddable":true,"href":"https:\/\/www.pediatrics.cz\/api\/wp\/v2\/users\/4"}],"replies":[{"embeddable":true,"href":"https:\/\/www.pediatrics.cz\/api\/wp\/v2\/comments?post=5891"}],"version-history":[{"count":0,"href":"https:\/\/www.pediatrics.cz\/api\/wp\/v2\/posts\/5891\/revisions"}],"wp:featuredmedia":[{"embeddable":true,"href":"https:\/\/www.pediatrics.cz\/api\/wp\/v2\/media\/5889"}],"wp:attachment":[{"href":"https:\/\/www.pediatrics.cz\/api\/wp\/v2\/media?parent=5891"}],"wp:term":[{"taxonomy":"category","embeddable":true,"href":"https:\/\/www.pediatrics.cz\/api\/wp\/v2\/categories?post=5891"},{"taxonomy":"post_tag","embeddable":true,"href":"https:\/\/www.pediatrics.cz\/api\/wp\/v2\/tags?post=5891"}],"curies":[{"name":"wp","href":"https:\/\/api.w.org\/{rel}","templated":true}]}}