{"id":6212,"date":"2025-09-05T10:55:57","date_gmt":"2025-09-05T08:55:57","guid":{"rendered":"https:\/\/www.pediatrics.cz\/?p=6212"},"modified":"2025-09-08T09:52:51","modified_gmt":"2025-09-08T07:52:51","slug":"vybor-cps-hleda-partnera-pro-organizacni-zajisteni-pediatrickych-kongresu-v-letech-2027-2030","status":"publish","type":"post","link":"https:\/\/www.pediatrics.cz\/vybor-cps-hleda-partnera-pro-organizacni-zajisteni-pediatrickych-kongresu-v-letech-2027-2030\/","title":{"rendered":"V\u00fdbor \u010cPS hled\u00e1 partnera pro organiza\u010dn\u00ed zaji\u0161t\u011bn\u00ed Pediatrick\u00fdch kongres\u016f v&nbsp;letech 2027&nbsp;\u2013&nbsp;2030"},"content":{"rendered":"\n<p class=\"wp-block-paragraph\">\u010cesk\u00e1 pediatrick\u00e1 spole\u010dnost vypisuje v\u00fdb\u011brov\u00e9 \u0159\u00edzen\u00ed na dodavatele slu\u017eeb pro organiza\u010dn\u00ed zaji\u0161t\u011bn\u00ed Pediatrick\u00e9ho kongresu pro roky 2027 &#8211; 2030. Term\u00edn uz\u00e1v\u011brky je 30.10.2025. Nab\u00eddku zas\u00edlejte na balbr@lf1.cuni.cz. <\/p>\n\n\n\n<p class=\"wp-block-paragraph\">Podrobn\u00e9 zad\u00e1n\u00ed nab\u00eddky naleznete <a href=\"https:\/\/www.pediatrics.cz\/content\/uploads\/2025\/09\/poptavkove-rizeni_pediatricke-kongresy_2027-2030.pdf\" target=\"_blank\" rel=\"noreferrer noopener\">zde<\/a>. <\/p>\n","protected":false},"excerpt":{"rendered":"<p>\u010cesk\u00e1 pediatrick\u00e1 spole\u010dnost vypisuje v\u00fdb\u011brov\u00e9 \u0159\u00edzen\u00ed na dodavatele slu\u017eeb pro organiza\u010dn\u00ed zaji\u0161t\u011bn\u00ed Pediatrick\u00e9ho kongresu pro roky 2027 &#8211; [&hellip;]<\/p>\n","protected":false},"author":4,"featured_media":4831,"comment_status":"closed","ping_status":"closed","sticky":false,"template":"","format":"standard","meta":{"_acf_changed":false,"kia_subtitle":""},"categories":[1],"tags":[],"class_list":["post-6212","post","type-post","status-publish","has-post-thumbnail","hentry","category-nezarazene"],"acf":[],"lang":"cs","translations":{"cs":6212},"pll_sync_post":[],"_links":{"self":[{"href":"https:\/\/www.pediatrics.cz\/api\/wp\/v2\/posts\/6212","targetHints":{"allow":["GET"]}}],"collection":[{"href":"https:\/\/www.pediatrics.cz\/api\/wp\/v2\/posts"}],"about":[{"href":"https:\/\/www.pediatrics.cz\/api\/wp\/v2\/types\/post"}],"author":[{"embeddable":true,"href":"https:\/\/www.pediatrics.cz\/api\/wp\/v2\/users\/4"}],"replies":[{"embeddable":true,"href":"https:\/\/www.pediatrics.cz\/api\/wp\/v2\/comments?post=6212"}],"version-history":[{"count":0,"href":"https:\/\/www.pediatrics.cz\/api\/wp\/v2\/posts\/6212\/revisions"}],"wp:featuredmedia":[{"embeddable":true,"href":"https:\/\/www.pediatrics.cz\/api\/wp\/v2\/media\/4831"}],"wp:attachment":[{"href":"https:\/\/www.pediatrics.cz\/api\/wp\/v2\/media?parent=6212"}],"wp:term":[{"taxonomy":"category","embeddable":true,"href":"https:\/\/www.pediatrics.cz\/api\/wp\/v2\/categories?post=6212"},{"taxonomy":"post_tag","embeddable":true,"href":"https:\/\/www.pediatrics.cz\/api\/wp\/v2\/tags?post=6212"}],"curies":[{"name":"wp","href":"https:\/\/api.w.org\/{rel}","templated":true}]}}