{"id":6215,"date":"2025-09-08T09:49:05","date_gmt":"2025-09-08T07:49:05","guid":{"rendered":"https:\/\/www.pediatrics.cz\/?p=6215"},"modified":"2025-09-08T09:52:16","modified_gmt":"2025-09-08T07:52:16","slug":"mezinarodni-den-porozumeni-vyvojove-poruse-jazyka","status":"publish","type":"post","link":"https:\/\/www.pediatrics.cz\/mezinarodni-den-porozumeni-vyvojove-poruse-jazyka\/","title":{"rendered":"Mezin\u00e1rodn\u00ed den porozum\u011bn\u00ed v\u00fdvojov\u00e9 poru\u0161e jazyka"},"content":{"rendered":"\n<p class=\"wp-block-paragraph\">R\u00e1di bychom V\u00e1s upozornili, \u017ee 17. \u0159\u00edjna se kon\u00e1 mezin\u00e1rodn\u00ed den porozum\u011bn\u00ed v\u00fdvojov\u00e9 poru\u0161e jazyka. Jedn\u00e1 se o opom\u00edjenou a nepochopenou poruchu jazyka v d\u011btsk\u00e9 populaci. Z\u00e1rove\u0148 jde o nej\u010dast\u011bj\u0161\u00ed nemoc, o kterou se staraj\u00ed klini\u010dt\u00ed logopedi. <\/p>\n\n\n\n<p class=\"wp-block-paragraph\">O tom, jak s d\u00edt\u011btem, kter\u00e9 touto neurov\u00fdvojovou poruchou trp\u00ed, komunikovat a podpo\u0159it ho ve spr\u00e1vn\u00e9m rozvoji, naleznete v t\u00e9to <a href=\"https:\/\/www.pediatrics.cz\/content\/uploads\/2025\/09\/dldday-brozurka.pdf\" target=\"_blank\" rel=\"noreferrer noopener\">bro\u017eurce<\/a>. <\/p>\n\n\n\n<figure class=\"block-image aligncenter size-large is-resized is-style-default\"><img loading=\"lazy\" decoding=\"async\" width=\"724\" height=\"1024\" src=\"https:\/\/www.pediatrics.cz\/content\/uploads\/2025\/09\/img-20250903-wa0001-724x1024.jpg\" alt=\"img 20250903 wa0001\" class=\"wp-image-6217\" style=\"width:397px;height:auto\" srcset=\"https:\/\/www.pediatrics.cz\/content\/uploads\/2025\/09\/img-20250903-wa0001-724x1024.jpg 724w, https:\/\/www.pediatrics.cz\/content\/uploads\/2025\/09\/img-20250903-wa0001-212x300.jpg 212w, https:\/\/www.pediatrics.cz\/content\/uploads\/2025\/09\/img-20250903-wa0001-768x1086.jpg 768w, https:\/\/www.pediatrics.cz\/content\/uploads\/2025\/09\/img-20250903-wa0001-1087x1536.jpg 1087w, https:\/\/www.pediatrics.cz\/content\/uploads\/2025\/09\/img-20250903-wa0001.jpg 1132w\" sizes=\"auto, (max-width: 724px) 100vw, 724px\" \/><\/figure>\n","protected":false},"excerpt":{"rendered":"<p>R\u00e1di bychom V\u00e1s upozornili, \u017ee 17. \u0159\u00edjna se kon\u00e1 mezin\u00e1rodn\u00ed den porozum\u011bn\u00ed v\u00fdvojov\u00e9 poru\u0161e jazyka. Jedn\u00e1 se o [&hellip;]<\/p>\n","protected":false},"author":4,"featured_media":6217,"comment_status":"closed","ping_status":"closed","sticky":false,"template":"","format":"standard","meta":{"_acf_changed":false,"kia_subtitle":""},"categories":[1],"tags":[],"class_list":["post-6215","post","type-post","status-publish","has-post-thumbnail","hentry","category-nezarazene"],"acf":[],"lang":"cs","translations":{"cs":6215},"pll_sync_post":[],"_links":{"self":[{"href":"https:\/\/www.pediatrics.cz\/api\/wp\/v2\/posts\/6215","targetHints":{"allow":["GET"]}}],"collection":[{"href":"https:\/\/www.pediatrics.cz\/api\/wp\/v2\/posts"}],"about":[{"href":"https:\/\/www.pediatrics.cz\/api\/wp\/v2\/types\/post"}],"author":[{"embeddable":true,"href":"https:\/\/www.pediatrics.cz\/api\/wp\/v2\/users\/4"}],"replies":[{"embeddable":true,"href":"https:\/\/www.pediatrics.cz\/api\/wp\/v2\/comments?post=6215"}],"version-history":[{"count":0,"href":"https:\/\/www.pediatrics.cz\/api\/wp\/v2\/posts\/6215\/revisions"}],"wp:featuredmedia":[{"embeddable":true,"href":"https:\/\/www.pediatrics.cz\/api\/wp\/v2\/media\/6217"}],"wp:attachment":[{"href":"https:\/\/www.pediatrics.cz\/api\/wp\/v2\/media?parent=6215"}],"wp:term":[{"taxonomy":"category","embeddable":true,"href":"https:\/\/www.pediatrics.cz\/api\/wp\/v2\/categories?post=6215"},{"taxonomy":"post_tag","embeddable":true,"href":"https:\/\/www.pediatrics.cz\/api\/wp\/v2\/tags?post=6215"}],"curies":[{"name":"wp","href":"https:\/\/api.w.org\/{rel}","templated":true}]}}