{"id":7375,"date":"2026-04-30T10:54:36","date_gmt":"2026-04-30T08:54:36","guid":{"rendered":"https:\/\/www.pediatrics.cz\/?p=7375"},"modified":"2026-04-30T10:55:12","modified_gmt":"2026-04-30T08:55:12","slug":"vycerpani-rodiny-pecujici-o-dite-se-zavaznym-onemocnenim-jak-jej-rozpoznat-a-jak-pomoci","status":"publish","type":"post","link":"https:\/\/www.pediatrics.cz\/vycerpani-rodiny-pecujici-o-dite-se-zavaznym-onemocnenim-jak-jej-rozpoznat-a-jak-pomoci\/","title":{"rendered":"Vy\u010derp\u00e1n\u00ed rodiny pe\u010duj\u00edc\u00ed o&nbsp;d\u00edt\u011b se z\u00e1va\u017en\u00fdm onemocn\u011bn\u00edm \u2013 jak jej rozpoznat a&nbsp;jak pomoci"},"content":{"rendered":"\n<p class=\"wp-block-paragraph\">P\u00e9\u010de o d\u00edt\u011b se z\u00e1va\u017en\u00fdm chronick\u00fdm onemocn\u011bn\u00edm nebo t\u011b\u017ek\u00fdm posti\u017een\u00edm p\u0159edstavuje pro rodinu dlouhodobou fyzickou i psychickou z\u00e1t\u011b\u017e. Rodi\u010de \u010dasto zaji\u0161\u0165uj\u00ed n\u00e1ro\u010dn\u00e9 o\u0161et\u0159ovatelsk\u00e9 \u00fakony, neust\u00e1l\u00fd dohled nad zdravotn\u00edm stavem d\u00edt\u011bte a koordinaci zdravotn\u00edch i soci\u00e1ln\u00edch slu\u017eeb. Pokud tato situace trv\u00e1 dlouhodob\u011b bez mo\u017enosti odpo\u010dinku nebo podpory, m\u016f\u017ee v\u00e9st k v\u00fdznamn\u00e9mu vy\u010derp\u00e1n\u00ed pe\u010duj\u00edc\u00edch osob. V\u010dasn\u00e9 rozpozn\u00e1n\u00ed t\u00e9to situace je d\u016fle\u017eit\u00e9 nejen pro ochranu zdrav\u00ed pe\u010duj\u00edc\u00edch, ale tak\u00e9 pro stabilitu dom\u00e1c\u00ed p\u00e9\u010de o d\u00edt\u011b. Od 1.1.2026 v&nbsp;\u010cesk\u00e9 republice vznikaj\u00ed nov\u00e1 zdravotnick\u00e1 za\u0159\u00edzen\u00ed \u2013 Centra komplexn\u00ed p\u00e9\u010de, kter\u00e1 rodin\u00e1m nab\u00edzej\u00ed odleh\u010den\u00ed, sd\u00edlen\u00ed n\u00e1ro\u010dn\u00e9 p\u00e9\u010de a v\u010dasnou komplexn\u00ed podporou p\u0159edch\u00e1zej\u00ed vy\u010derp\u00e1n\u00ed vnit\u0159n\u00edch zdroj\u016f rodiny.<\/p>\n\n\n\n<p class=\"wp-block-paragraph\"><strong>Jak rozpoznat vy\u010derp\u00e1n\u00ed rodiny<\/strong><\/p>\n\n\n\n<p class=\"wp-block-paragraph\">Vy\u010derp\u00e1n\u00ed rodiny se m\u016f\u017ee projevovat v n\u011bkolika rovin\u00e1ch. Z psychick\u00e9ho hlediska b\u00fdvaj\u00ed rodi\u010de v\u00fdrazn\u011b \u00fazkostn\u00ed, podr\u00e1\u017ed\u011bn\u00ed nebo naopak rezignovan\u00ed. \u010casto uv\u00e1d\u011bj\u00ed dlouhodob\u00fd nedostatek sp\u00e1nku, pocit bezmoci nebo obavy, \u017ee p\u00e9\u010di ji\u017e nezvl\u00e1daj\u00ed. Typick\u00e9 jsou v\u00fdroky typu \u201eu\u017e jsme velmi unaven\u00ed\u201c, \u201enev\u00edm, jak to budeme zvl\u00e1dat d\u00e1l\u201c nebo \u201enem\u00e1 n\u00e1s kdo vyst\u0159\u00eddat\u201c.<\/p>\n\n\n\n<p class=\"wp-block-paragraph\">Fyzick\u00e9 zn\u00e1mky vy\u010derp\u00e1n\u00ed zahrnuj\u00ed zejm\u00e9na v\u00fdraznou \u00fanavu, nevysp\u00e1n\u00ed a zhor\u0161uj\u00edc\u00ed se zdravotn\u00ed stav pe\u010duj\u00edc\u00edch osob (bolesti hlavy, zad, poruchy sp\u00e1nku, \u010dast\u00e9 infekce). Rodi\u010de \u010dasto uv\u00e1d\u011bj\u00ed, \u017ee nemaj\u00ed \u010das na vlastn\u00ed pot\u0159eby, odpo\u010dinek ani b\u011b\u017en\u00e9 denn\u00ed aktivity.<\/p>\n\n\n\n<p class=\"wp-block-paragraph\">Dal\u0161\u00edm d\u016fle\u017eit\u00fdm sign\u00e1lem mohou b\u00fdt zm\u011bny v organizaci p\u00e9\u010de o d\u00edt\u011b. Rodina m\u016f\u017ee m\u00edt obt\u00ed\u017ee zvl\u00e1dat n\u011bkter\u00e9 zdravotn\u00ed \u00fakony, objevuj\u00ed se nejistoty v dom\u00e1c\u00ed p\u00e9\u010di nebo \u010dast\u011bj\u0161\u00ed kontakt se zdravotnick\u00fdmi slu\u017ebami. V n\u011bkter\u00fdch p\u0159\u00edpadech se vy\u010derp\u00e1n\u00ed m\u016f\u017ee nep\u0159\u00edmo projevit tak\u00e9 opakovan\u00fdmi hospitalizacemi d\u00edt\u011bte. D\u00edt\u011b je opakovan\u011b p\u0159ij\u00edm\u00e1no pro zhor\u0161en\u00ed stavu, kter\u00e9mu by \u0161lo p\u0159i stabiln\u00ed dom\u00e1c\u00ed p\u00e9\u010di p\u0159edej\u00edt (nap\u0159. dehydratace, aspirace, infekce, komplikace v\u00fd\u017eivy), rodi\u010de p\u0159i p\u0159ijet\u00ed \u0159\u00edkaj\u00ed, \u017ee si nebyli jist\u00ed, jak postupovat, nebo \u017ee situaci doma nezvl\u00e1dli, hospitalizace se opakuj\u00ed kr\u00e1tce po propu\u0161t\u011bn\u00ed, rodi\u010de p\u0159i hospitalizaci p\u016fsob\u00ed v\u00fdrazn\u011b unaven\u011b a paradoxn\u011b v nemocnici si \u201enepl\u00e1novan\u011b odpo\u010dinou\u201c, hospitalizace n\u011bkdy funguje jako \u201ebezpe\u010dn\u00e9 \u0159e\u0161en\u00ed krize\u201c, kdy\u017e rodina p\u00e9\u010di doma do\u010dasn\u011b nezvl\u00e1d\u00e1.<\/p>\n\n\n\n<p class=\"wp-block-paragraph\"><strong>Rizikov\u00e9 faktory vy\u010derp\u00e1n\u00ed<\/strong><\/p>\n\n\n\n<p class=\"wp-block-paragraph\">Riziko vy\u010derp\u00e1n\u00ed je vy\u0161\u0161\u00ed zejm\u00e9na v rodin\u00e1ch, kde:<\/p>\n\n\n\n<ul class=\"block-list\">\n<li>pe\u010duj\u00edc\u00ed p\u016fsob\u00ed dlouhodob\u011b vy\u010derpan\u011b, nevyspale nebo psychicky p\u0159et\u00ed\u017een\u011b<\/li>\n\n\n\n<li>pe\u010duj\u00edc\u00ed uv\u00e1d\u011bj\u00ed, \u017ee nemaj\u00ed nikoho, kdo by je v p\u00e9\u010di mohl zastoupit<\/li>\n\n\n\n<li>p\u00e9\u010de o d\u00edt\u011b je nep\u0159etr\u017eit\u00e1 (24\/7) a zahrnuje n\u00e1ro\u010dn\u00e9 o\u0161et\u0159ovatelsk\u00e9 \u00fakony nebo p\u0159\u00edstrojovou podporu<\/li>\n\n\n\n<li>rodina je izolovan\u00e1, m\u00e1 omezen\u00e9 soci\u00e1ln\u00ed z\u00e1zem\u00ed a minimum podpory \u0161ir\u0161\u00ed rodiny<\/li>\n\n\n\n<li>pe\u010duj\u00edc\u00ed zmi\u0148uj\u00ed, \u017ee nem\u011bli del\u0161\u00ed dobu mo\u017enost odpo\u010dinku<\/li>\n\n\n\n<li>doch\u00e1z\u00ed k organiza\u010dn\u00edm pot\u00ed\u017e\u00edm s n\u00e1v\u0161t\u011bvami l\u00e9ka\u0159e, rehabilitac\u00ed nebo l\u00e9\u010dbou<\/li>\n\n\n\n<li>d\u00edt\u011b m\u00e1 nestabiln\u00ed zdravotn\u00ed stav a vy\u017eaduje \u010dast\u00e9 hospitalizace<\/li>\n<\/ul>\n\n\n\n<p class=\"wp-block-paragraph\"><strong>Role o\u0161et\u0159uj\u00edc\u00edho l\u00e9ka\u0159e p\u0159i identifikaci vy\u010derpan\u00e9 rodiny<\/strong><\/p>\n\n\n\n<p class=\"wp-block-paragraph\">L\u00e9ka\u0159i na d\u011btsk\u00fdch odd\u011blen\u00edch a prakti\u010dt\u00ed l\u00e9ka\u0159i pro d\u011bti a dorost jsou \u010dasto jedni z m\u00e1la odborn\u00edk\u016f, kte\u0159\u00ed maj\u00ed mo\u017enost situaci rodiny dlouhodob\u011b sledovat. Kr\u00e1tk\u00fd rozhovor zam\u011b\u0159en\u00fd na n\u00e1ro\u010dnost p\u00e9\u010de, mo\u017enost odpo\u010dinku nebo dostupnost podpory m\u016f\u017ee pomoci identifikovat rodiny, kter\u00e9 se ji\u017e bl\u00ed\u017e\u00ed hranici sv\u00fdch kapacit.<\/p>\n\n\n\n<p class=\"wp-block-paragraph\">V praxi m\u016f\u017ee b\u00fdt u\u017eite\u010dn\u00e9 pt\u00e1t se nap\u0159\u00edklad:<\/p>\n\n\n\n<ul class=\"block-list\">\n<li>zda m\u00e1 rodina mo\u017enost se v p\u00e9\u010di o d\u00edt\u011b vyst\u0159\u00eddat<\/li>\n\n\n\n<li>kolik hodin denn\u011b pe\u010duj\u00edc\u00ed sp\u00ed<\/li>\n\n\n\n<li>zda maj\u00ed pocit, \u017ee p\u00e9\u010di doma zvl\u00e1daj\u00ed<\/li>\n\n\n\n<li>zda maj\u00ed k dispozici pomoc \u0161ir\u0161\u00ed rodiny nebo slu\u017eeb<\/li>\n\n\n\n<li>zda jim zb\u00fdv\u00e1 \u010das v\u011bnovat se sourozenc\u016fm d\u00edt\u011bte, sob\u011b, p\u0159\u00edpadn\u011b partnerovi<\/li>\n<\/ul>\n\n\n\n<p class=\"wp-block-paragraph\"><strong>Mo\u017enosti \u0159e\u0161en\u00ed a podpory<\/strong><\/p>\n\n\n\n<p class=\"wp-block-paragraph\">Pokud l\u00e9ka\u0159 identifikuje zn\u00e1mky vy\u010derp\u00e1n\u00ed rodiny, je vhodn\u00e9 situaci aktivn\u011b \u0159e\u0161it. Z\u00e1kladn\u00edm krokem je otev\u0159en\u00fd rozhovor s rodi\u010di o n\u00e1ro\u010dnosti p\u00e9\u010de a o mo\u017enostech podpory. N\u00e1sledn\u011b m\u016f\u017ee b\u00fdt vhodn\u00e9 rodinu propojit s&nbsp;podp\u016frn\u00fdmi slu\u017ebami v ter\u00e9nu.<\/p>\n\n\n\n<p class=\"wp-block-paragraph\">Mezi nejv\u00fdznamn\u011bj\u0161\u00ed n\u00e1vazn\u00e9 slu\u017eby pat\u0159\u00ed <strong>zdravotn\u00ed respitn\u00ed p\u00e9\u010de v&nbsp;Centrech komplexn\u00ed p\u00e9\u010de<\/strong>, co\u017e jsou nov\u011b vznikaj\u00edc\u00ed zdravotnick\u00e1 za\u0159\u00edzen\u00ed, kter\u00e1 poskytuj\u00ed komplexn\u00ed zdravotn\u00ed p\u00e9\u010di d\u011btem s vysokou pot\u0159ebou o\u0161et\u0159ovatelsk\u00e9 p\u00e9\u010de. Tato za\u0159\u00edzen\u00ed poskytuj\u00ed koordinovanou zdravotn\u00ed a soci\u00e1ln\u00ed podporu d\u011btem se z\u00e1va\u017en\u00fdm zdravotn\u00edm posti\u017een\u00edm nebo chronick\u00fdm onemocn\u011bn\u00edm a jejich rodin\u00e1m. Jejich p\u00e9\u010de je hrazena z ve\u0159ejn\u00e9ho zdravotn\u00edho poji\u0161t\u011bn\u00ed, co\u017e umo\u017e\u0148uje \u0161ir\u0161\u00ed dostupnost slu\u017eby v praxi.<\/p>\n\n\n\n<p class=\"wp-block-paragraph\">C\u00edlem t\u011bchto intervenc\u00ed nen\u00ed nahradit rodinu v p\u00e9\u010di o d\u00edt\u011b, ale stabilizovat dom\u00e1c\u00ed p\u00e9\u010di a zabr\u00e1nit situaci, kdy vy\u010derp\u00e1n\u00ed pe\u010duj\u00edc\u00edch vede ke zhor\u0161en\u00ed zdravotn\u00edho stavu d\u00edt\u011bte nebo k nutnosti \u010dast\u00fdch hospitalizac\u00ed.<\/p>\n\n\n\n<p class=\"wp-block-paragraph\"><strong>Co nab\u00edzej\u00ed Centra komplexn\u00ed p\u00e9\u010de<\/strong><\/p>\n\n\n\n<p class=\"wp-block-paragraph\">Centra komplexn\u00ed p\u00e9\u010de propojuj\u00ed zdravotn\u00ed a soci\u00e1ln\u00ed slu\u017eby a pracuj\u00ed v multidisciplin\u00e1rn\u00edm t\u00fdmu. Nab\u00edzen\u00e9 slu\u017eby zahrnuj\u00ed dlouhodobou l\u016f\u017ekovou p\u00e9\u010di, ambulantn\u00ed stacion\u00e1rn\u00ed p\u00e9\u010di a p\u00e9\u010di ve vlastn\u00edm soci\u00e1ln\u00edm prost\u0159ed\u00ed d\u00edt\u011bte. Z\u00e1rove\u0148 je poskytovan\u00e1 p\u00e9\u010de rehabilita\u010dn\u00ed, psychologick\u00e1 a odborn\u00e9 soci\u00e1ln\u00ed poradenstv\u00ed. Z\u00e1sadn\u00ed novinkou je zdravotn\u00ed respitn\u00ed p\u00e9\u010de, kter\u00e1 umo\u017e\u0148uje kr\u00e1tkodob\u00e9 p\u0159evzet\u00ed d\u00edt\u011bte do p\u00e9\u010de centra za \u00fa\u010delem odpo\u010dinku pe\u010duj\u00edc\u00ed osoby.<\/p>\n\n\n\n<p class=\"wp-block-paragraph\"><strong>Jak mohou slu\u017ebu vyu\u017e\u00edt prakti\u010dt\u00ed l\u00e9ka\u0159i pro d\u011bti a dorost<\/strong><\/p>\n\n\n\n<p class=\"wp-block-paragraph\">Praktick\u00fd l\u00e9ka\u0159 pro d\u011bti a dorost m\u016f\u017ee hr\u00e1t kl\u00ed\u010dovou roli p\u0159i identifikaci vhodn\u00fdch pacient\u016f a informov\u00e1n\u00ed rodiny o mo\u017enosti vyu\u017eit\u00ed Centra komplexn\u00ed p\u00e9\u010de.<\/p>\n\n\n\n<p class=\"wp-block-paragraph\">Doporu\u010den\u00fd postup:<\/p>\n\n\n\n<ul class=\"block-list\">\n<li>Identifikovat d\u00edt\u011b s vysokou zdravotn\u00ed a o\u0161et\u0159ovatelskou n\u00e1ro\u010dnost\u00ed p\u00e9\u010de v rodin\u011b<\/li>\n\n\n\n<li>Informovat rodi\u010de o mo\u017enosti podpory prost\u0159ednictv\u00edm Centra komplexn\u00ed p\u00e9\u010de<\/li>\n\n\n\n<li>Doporu\u010dit kontakt s nejbli\u017e\u0161\u00edm centrem nebo p\u0159edat rodin\u011b informace o slu\u017eb\u011b<\/li>\n<\/ul>\n\n\n\n<p class=\"wp-block-paragraph\">Podrobn\u00e9 informace o principech p\u00e9\u010de, mo\u017enostech vyu\u017eit\u00ed slu\u017eby a aktu\u00e1ln\u00ed mapy CKP jsou dostupn\u00e9 na webu: <a href=\"https:\/\/centrumkomplexnipeceprodeti.cz\/\">https:\/\/centrumkomplexnipeceprodeti.cz\/<\/a><\/p>\n\n\n\n<p class=\"wp-block-paragraph\"><strong>Z\u00e1v\u011br<\/strong><\/p>\n\n\n\n<p class=\"wp-block-paragraph\">Vy\u010derp\u00e1n\u00ed rodiny pe\u010duj\u00edc\u00ed o d\u00edt\u011b se z\u00e1va\u017en\u00fdm onemocn\u011bn\u00edm je \u010dast\u00fdm, ale n\u011bkdy p\u0159ehl\u00ed\u017een\u00fdm probl\u00e9mem. V\u010dasn\u00e9 rozpozn\u00e1n\u00ed varovn\u00fdch sign\u00e1l\u016f a nab\u00eddka vhodn\u00e9 podpory mohou v\u00fdznamn\u011b p\u0159isp\u011bt ke stabilizaci rodinn\u00e9ho prost\u0159ed\u00ed, zlep\u0161en\u00ed kvality \u017eivota pe\u010duj\u00edc\u00edch osob a k udr\u017een\u00ed bezpe\u010dn\u00e9 dom\u00e1c\u00ed p\u00e9\u010de o d\u00edt\u011b. Aktivn\u00ed role pediatr\u016f je v tomto procesu kl\u00ed\u010dov\u00e1.<\/p>\n\n\n\n<p class=\"wp-block-paragraph\"><\/p>\n","protected":false},"excerpt":{"rendered":"<p>P\u00e9\u010de o d\u00edt\u011b se z\u00e1va\u017en\u00fdm chronick\u00fdm onemocn\u011bn\u00edm nebo t\u011b\u017ek\u00fdm posti\u017een\u00edm p\u0159edstavuje pro rodinu dlouhodobou fyzickou i psychickou z\u00e1t\u011b\u017e. [&hellip;]<\/p>\n","protected":false},"author":4,"featured_media":7377,"comment_status":"closed","ping_status":"closed","sticky":false,"template":"","format":"standard","meta":{"_acf_changed":true,"kia_subtitle":""},"categories":[1],"tags":[],"class_list":["post-7375","post","type-post","status-publish","has-post-thumbnail","hentry","category-nezarazene"],"acf":[],"lang":"cs","translations":{"cs":7375},"pll_sync_post":[],"_links":{"self":[{"href":"https:\/\/www.pediatrics.cz\/api\/wp\/v2\/posts\/7375","targetHints":{"allow":["GET"]}}],"collection":[{"href":"https:\/\/www.pediatrics.cz\/api\/wp\/v2\/posts"}],"about":[{"href":"https:\/\/www.pediatrics.cz\/api\/wp\/v2\/types\/post"}],"author":[{"embeddable":true,"href":"https:\/\/www.pediatrics.cz\/api\/wp\/v2\/users\/4"}],"replies":[{"embeddable":true,"href":"https:\/\/www.pediatrics.cz\/api\/wp\/v2\/comments?post=7375"}],"version-history":[{"count":0,"href":"https:\/\/www.pediatrics.cz\/api\/wp\/v2\/posts\/7375\/revisions"}],"wp:featuredmedia":[{"embeddable":true,"href":"https:\/\/www.pediatrics.cz\/api\/wp\/v2\/media\/7377"}],"wp:attachment":[{"href":"https:\/\/www.pediatrics.cz\/api\/wp\/v2\/media?parent=7375"}],"wp:term":[{"taxonomy":"category","embeddable":true,"href":"https:\/\/www.pediatrics.cz\/api\/wp\/v2\/categories?post=7375"},{"taxonomy":"post_tag","embeddable":true,"href":"https:\/\/www.pediatrics.cz\/api\/wp\/v2\/tags?post=7375"}],"curies":[{"name":"wp","href":"https:\/\/api.w.org\/{rel}","templated":true}]}}