{"id":7508,"date":"2026-06-01T11:17:27","date_gmt":"2026-06-01T09:17:27","guid":{"rendered":"https:\/\/www.pediatrics.cz\/?p=7508"},"modified":"2026-06-01T11:17:28","modified_gmt":"2026-06-01T09:17:28","slug":"online-dotaznikove-setreni-vyzvy-pracovniho-prostredi-zdravotniku","status":"publish","type":"post","link":"https:\/\/www.pediatrics.cz\/online-dotaznikove-setreni-vyzvy-pracovniho-prostredi-zdravotniku\/","title":{"rendered":"Online dotazn\u00edkov\u00e9 \u0161et\u0159en\u00ed: V\u00fdzvy pracovn\u00edho prost\u0159ed\u00ed zdravotn\u00edk\u016f"},"content":{"rendered":"\n<p class=\"wp-block-paragraph\">Pod z\u00e1\u0161titou 2. l\u00e9ka\u0159sk\u00e9 fakulty Univerzity Karlovy prob\u00edh\u00e1 nov\u00fd v\u00fdzkumn\u00fd projekt <strong>\u201eP\u0159eklenut\u00ed nejistoty: Podpora zdravotn\u00edk\u016f b\u011bhem profesn\u00edch zm\u011bn a v\u00fdzev pracovn\u00edho prost\u0159ed\u00ed\u201c<\/strong>, kter\u00fd navazuje na mezin\u00e1rodn\u00ed studii HEROES zam\u011b\u0159enou na dopady pandemie COVID-19 na psychick\u00e9 zdrav\u00ed zdravotn\u00edk\u016f.<\/p>\n\n\n\n<p class=\"wp-block-paragraph\">C\u00edlem aktu\u00e1ln\u00edho v\u00fdzkumu je l\u00e9pe porozum\u011bt profesn\u00ed dr\u00e1ze zdravotn\u00edk\u016f v \u010cesk\u00e9 republice a faktor\u016fm, kter\u00e9 ovliv\u0148uj\u00ed pracovn\u00ed spokojenost, profesn\u00ed zm\u011bny nebo odchody ze zdravotnictv\u00ed. Z\u00edskan\u00e9 poznatky mohou p\u0159isp\u011bt ke zkvalitn\u011bn\u00ed pracovn\u00edch podm\u00ednek a podpo\u0159e zdravotnick\u00fdch pracovn\u00edk\u016f v jejich ka\u017edodenn\u00ed praxi.<\/p>\n\n\n\n<p class=\"wp-block-paragraph\">V\u00fdzkumn\u00fd t\u00fdm proto vyz\u00fdv\u00e1 l\u00e9ka\u0159e a dal\u0161\u00ed zdravotn\u00edky k \u00fa\u010dasti v online dotazn\u00edkov\u00e9m \u0161et\u0159en\u00ed. Vypln\u011bn\u00ed dotazn\u00edku zabere p\u0159ibli\u017en\u011b 15 minut a \u00fa\u010dast je zcela dobrovoln\u00e1.<\/p>\n\n\n\n<p class=\"wp-block-paragraph\">Dotazn\u00edk m\u016f\u017eete kdykoli ukon\u010dit a citliv\u00e9 ot\u00e1zky p\u0159esko\u010dit. Pokud si nep\u0159ejete b\u00fdt d\u00e1le kontaktov\u00e1ni, m\u016f\u017eete svou ne\u00fa\u010dast jednodu\u0161e ozna\u010dit v dotazn\u00edku. D\u011bkujeme V\u00e1m za Va\u0161i dosavadn\u00ed podporu v\u00fdzkumu i za zv\u00e1\u017een\u00ed \u00fa\u010dasti v t\u00e9to navazuj\u00edc\u00ed studii<\/p>\n\n\n\n<p class=\"wp-block-paragraph\"><strong>Dotazn\u00edk je dostupn\u00fd <a href=\"https:\/\/suri.lf2.cuni.cz\/redcap\/surveys\/?s=K8HLTLHN9TLR4JXX\" target=\"_blank\" rel=\"noreferrer noopener\">zde<\/a><\/strong>.<\/p>\n\n\n\n<p class=\"wp-block-paragraph\"><br><\/p>\n\n\n\n<figure class=\"block-image aligncenter size-large is-resized\"><img loading=\"lazy\" decoding=\"async\" width=\"1024\" height=\"1024\" src=\"https:\/\/www.pediatrics.cz\/content\/uploads\/2023\/09\/survey-2316468_1280-1024x1024.png\" alt=\"survey 2316468 1280\" class=\"wp-image-4831\" style=\"width:249px;height:auto\"\/><\/figure>\n","protected":false},"excerpt":{"rendered":"<p>Pod z\u00e1\u0161titou 2. l\u00e9ka\u0159sk\u00e9 fakulty Univerzity Karlovy prob\u00edh\u00e1 nov\u00fd v\u00fdzkumn\u00fd projekt \u201eP\u0159eklenut\u00ed nejistoty: Podpora zdravotn\u00edk\u016f b\u011bhem profesn\u00edch zm\u011bn [&hellip;]<\/p>\n","protected":false},"author":4,"featured_media":4831,"comment_status":"closed","ping_status":"closed","sticky":false,"template":"","format":"standard","meta":{"_acf_changed":true,"kia_subtitle":""},"categories":[1],"tags":[],"class_list":["post-7508","post","type-post","status-publish","has-post-thumbnail","hentry","category-nezarazene"],"acf":[],"lang":"cs","translations":{"cs":7508},"pll_sync_post":[],"_links":{"self":[{"href":"https:\/\/www.pediatrics.cz\/api\/wp\/v2\/posts\/7508","targetHints":{"allow":["GET"]}}],"collection":[{"href":"https:\/\/www.pediatrics.cz\/api\/wp\/v2\/posts"}],"about":[{"href":"https:\/\/www.pediatrics.cz\/api\/wp\/v2\/types\/post"}],"author":[{"embeddable":true,"href":"https:\/\/www.pediatrics.cz\/api\/wp\/v2\/users\/4"}],"replies":[{"embeddable":true,"href":"https:\/\/www.pediatrics.cz\/api\/wp\/v2\/comments?post=7508"}],"version-history":[{"count":0,"href":"https:\/\/www.pediatrics.cz\/api\/wp\/v2\/posts\/7508\/revisions"}],"wp:featuredmedia":[{"embeddable":true,"href":"https:\/\/www.pediatrics.cz\/api\/wp\/v2\/media\/4831"}],"wp:attachment":[{"href":"https:\/\/www.pediatrics.cz\/api\/wp\/v2\/media?parent=7508"}],"wp:term":[{"taxonomy":"category","embeddable":true,"href":"https:\/\/www.pediatrics.cz\/api\/wp\/v2\/categories?post=7508"},{"taxonomy":"post_tag","embeddable":true,"href":"https:\/\/www.pediatrics.cz\/api\/wp\/v2\/tags?post=7508"}],"curies":[{"name":"wp","href":"https:\/\/api.w.org\/{rel}","templated":true}]}}